{"id":21277,"date":"2022-06-13T11:45:56","date_gmt":"2022-06-13T14:45:56","guid":{"rendered":"http:\/\/www.fumssar.com.br\/?p=21277"},"modified":"2024-10-07T16:33:16","modified_gmt":"2024-10-07T19:33:16","slug":"medicos-em-todas-as-unidades-basicas-de-saude-de-santa-rosa","status":"publish","type":"post","link":"https:\/\/www.fumssar.com.br\/?p=21277","title":{"rendered":"M\u00e9dicos em todas as Unidades B\u00e1sicas de Sa\u00fade de Santa Rosa"},"content":{"rendered":"\n<figure class=\"wp-block-image\"><img loading=\"lazy\" decoding=\"async\" width=\"1024\" height=\"768\" src=\"http:\/\/www.fumssar.com.br\/wp-content\/uploads\/2022\/06\/WhatsApp-Image-2022-06-13-at-11.27.07-1024x768.jpeg\" alt=\"\" class=\"wp-image-21278\" srcset=\"https:\/\/www.fumssar.com.br\/wp-content\/uploads\/2022\/06\/WhatsApp-Image-2022-06-13-at-11.27.07-1024x768.jpeg 1024w, https:\/\/www.fumssar.com.br\/wp-content\/uploads\/2022\/06\/WhatsApp-Image-2022-06-13-at-11.27.07-300x225.jpeg 300w, https:\/\/www.fumssar.com.br\/wp-content\/uploads\/2022\/06\/WhatsApp-Image-2022-06-13-at-11.27.07-768x576.jpeg 768w, https:\/\/www.fumssar.com.br\/wp-content\/uploads\/2022\/06\/WhatsApp-Image-2022-06-13-at-11.27.07.jpeg 1156w\" sizes=\"(max-width: 1024px) 100vw, 1024px\" \/><\/figure>\n\n\n\n<p>M\u00e9dicos em todas as Unidades B\u00e1sicas de Sa\u00fade \u00e9 uma realidade em&nbsp;Santa Rosa.&nbsp;Nos \u00faltimos meses, a Funda\u00e7\u00e3o Municipal de Sa\u00fade tem se empenhado na procura de profissionais para completar o quadro. Com as \u00faltimas contrata\u00e7\u00f5es realizadas, o munic\u00edpio passa a ter, a partir desta semana, m\u00e9dicos 40 horas em todas as 18 UBS&#8217;s. A FUMSSAR tamb\u00e9m possui um m\u00e9dico 40 horas no Programa Melhor em Casa, que acompanha as interna\u00e7\u00f5es domiciliares.<\/p>\n\n\n\n<p>No m\u00eas de maio, foram realizados&nbsp;76.816 atendimentos&nbsp;nas Unidades B\u00e1sicas de Sa\u00fade. Destes,&nbsp;10.507 foram com o profissional m\u00e9dico.&nbsp;O Prefeito Anderson Mantei enfatizou que esta \u00e9 mais uma conquista para Santa Rosa e que a sa\u00fade \u00e9 prioridade nesse governo, &#8220;Desde o in\u00edcio da nossa gest\u00e3o, temos trabalhado em cima deste prop\u00f3sito de colocar mais m\u00e9dicos para atender a popula\u00e7\u00e3o. Vamos continuar atentos para as demandas das unidades e implementar cada vez mais, melhorias na Sa\u00fade P\u00fablica do munic\u00edpio&#8221;.<\/p>\n\n\n\n<p>Outra novidade deste ano, \u00e9 que a partir de junho, a Funda\u00e7\u00e3o passou a ter o Plant\u00e3o de Inverno. O Presidente da FUMSSAR, D\u00e9lcio Stefan, destacou que os investimentos est\u00e3o sendo realizados em todos os segmentos da sa\u00fade, &#8220;O plant\u00e3o de inverno \u00e9 mais um servi\u00e7o que vem para atender as demandas da popula\u00e7\u00e3o, assim como, os profissionais m\u00e9dicos em todas as unidades. Nosso objetivo \u00e9 qualificar cada vez mais os atendimentos para toda a comunidade&#8221;. O servi\u00e7o atende pacientes com sintomas respirat\u00f3rios, no turno da noite, das 18h \u00e0s 21h. Al\u00e9m do atendimento que acontece em todas as unidades, de segunda a sexta-feira, das 07h30 \u00e0s 11h30min e das 13h30min \u00e0s 17h30min, o munic\u00edpio tamb\u00e9m conta com duas UBS&#8217;s que atuam no Terceiro Turno: na&nbsp;J\u00falio de Oliveira e Cruzeiro do Sul.&nbsp;Os terceiros turnos funcionam das 17h30min \u00e0s 21h e buscam facilitar o acesso de trabalhadores que n\u00e3o conseguem realizar os atendimentos durante o dia.&nbsp;&nbsp;<\/p>\n","protected":false},"excerpt":{"rendered":"<p>M\u00e9dicos em todas as Unidades B\u00e1sicas de Sa\u00fade \u00e9 uma realidade em&nbsp;Santa Rosa.&nbsp;Nos \u00faltimos meses,&#8230;<\/p>\n","protected":false},"author":36,"featured_media":21278,"comment_status":"closed","ping_status":"closed","sticky":false,"template":"","format":"standard","meta":{"footnotes":""},"categories":[2],"tags":[],"_links":{"self":[{"href":"https:\/\/www.fumssar.com.br\/index.php?rest_route=\/wp\/v2\/posts\/21277"}],"collection":[{"href":"https:\/\/www.fumssar.com.br\/index.php?rest_route=\/wp\/v2\/posts"}],"about":[{"href":"https:\/\/www.fumssar.com.br\/index.php?rest_route=\/wp\/v2\/types\/post"}],"author":[{"embeddable":true,"href":"https:\/\/www.fumssar.com.br\/index.php?rest_route=\/wp\/v2\/users\/36"}],"replies":[{"embeddable":true,"href":"https:\/\/www.fumssar.com.br\/index.php?rest_route=%2Fwp%2Fv2%2Fcomments&post=21277"}],"version-history":[{"count":1,"href":"https:\/\/www.fumssar.com.br\/index.php?rest_route=\/wp\/v2\/posts\/21277\/revisions"}],"predecessor-version":[{"id":21279,"href":"https:\/\/www.fumssar.com.br\/index.php?rest_route=\/wp\/v2\/posts\/21277\/revisions\/21279"}],"wp:featuredmedia":[{"embeddable":true,"href":"https:\/\/www.fumssar.com.br\/index.php?rest_route=\/wp\/v2\/media\/21278"}],"wp:attachment":[{"href":"https:\/\/www.fumssar.com.br\/index.php?rest_route=%2Fwp%2Fv2%2Fmedia&parent=21277"}],"wp:term":[{"taxonomy":"category","embeddable":true,"href":"https:\/\/www.fumssar.com.br\/index.php?rest_route=%2Fwp%2Fv2%2Fcategories&post=21277"},{"taxonomy":"post_tag","embeddable":true,"href":"https:\/\/www.fumssar.com.br\/index.php?rest_route=%2Fwp%2Fv2%2Ftags&post=21277"}],"curies":[{"name":"wp","href":"https:\/\/api.w.org\/{rel}","templated":true}]}}