{"id":21274,"date":"2022-06-10T19:13:54","date_gmt":"2022-06-10T22:13:54","guid":{"rendered":"http:\/\/www.fumssar.com.br\/?p=21274"},"modified":"2024-10-07T16:33:16","modified_gmt":"2024-10-07T19:33:16","slug":"presidente-da-fumssar-delcio-stefan-em-porto-alegre","status":"publish","type":"post","link":"https:\/\/www.fumssar.com.br\/?p=21274","title":{"rendered":"Presidente da FUMSSAR D\u00e9lcio Stefan em Porto Alegre"},"content":{"rendered":"\n<figure class=\"wp-block-image\"><img loading=\"lazy\" decoding=\"async\" width=\"1024\" height=\"768\" src=\"https:\/\/www.fumssar.com.br\/wp-content\/uploads\/2022\/06\/IMG-20220610-WA0025-1024x768.jpg\" alt=\"\" class=\"wp-image-21275\" srcset=\"https:\/\/www.fumssar.com.br\/wp-content\/uploads\/2022\/06\/IMG-20220610-WA0025-1024x768.jpg 1024w, https:\/\/www.fumssar.com.br\/wp-content\/uploads\/2022\/06\/IMG-20220610-WA0025-300x225.jpg 300w, https:\/\/www.fumssar.com.br\/wp-content\/uploads\/2022\/06\/IMG-20220610-WA0025-768x576.jpg 768w, https:\/\/www.fumssar.com.br\/wp-content\/uploads\/2022\/06\/IMG-20220610-WA0025.jpg 1280w\" sizes=\"(max-width: 1024px) 100vw, 1024px\" \/><\/figure>\n\n\n\n<p>O Presidente da Funda\u00e7\u00e3o Municipal de Sa\u00fade de Santa Rosa, D\u00e9lcio Stefan, est\u00e1 nesta sexta-feira (10), realizando diversas agendas em Porto Alegre. Pela manh\u00e3, o presidente esteve no gabinete da Secret\u00e1ria de Sa\u00fade do Estado do Rio Grande do Sul, Arita Bergmann. Entre os temas tratados: habilita\u00e7\u00e3o de leitos de UTI, servi\u00e7o de Buco-Maxilo-Facial, Sa\u00fade Mental e encaminhamento de projetos para o munic\u00edpio.<\/p>\n\n\n\n<p>O encontro na capital ga\u00facha teve a participa\u00e7\u00e3o da equipe t\u00e9cnica da SES\/RS \u2013 Secretaria Estadual de Sa\u00fade. \u201cEstamos muito contentes com a acolhida que tivemos da Secret\u00e1ria Arita e toda sua equipe. Levamos v\u00e1rios projetos que v\u00e3o ser em breve, implementados em Santa Rosa. Nosso compromisso \u00e9 oferecer um servi\u00e7o de qualidade e atender as demandas da popula\u00e7\u00e3o\u201d, destacou D\u00e9lcio. O presidente acompanhou tamb\u00e9m outros projetos da sa\u00fade que est\u00e3o em andamento no Estado.<\/p>\n","protected":false},"excerpt":{"rendered":"<p>O Presidente da Funda\u00e7\u00e3o Municipal de Sa\u00fade de Santa Rosa, D\u00e9lcio Stefan, est\u00e1 nesta sexta-feira&#8230;<\/p>\n","protected":false},"author":36,"featured_media":21275,"comment_status":"closed","ping_status":"closed","sticky":false,"template":"","format":"standard","meta":{"footnotes":""},"categories":[2],"tags":[],"_links":{"self":[{"href":"https:\/\/www.fumssar.com.br\/index.php?rest_route=\/wp\/v2\/posts\/21274"}],"collection":[{"href":"https:\/\/www.fumssar.com.br\/index.php?rest_route=\/wp\/v2\/posts"}],"about":[{"href":"https:\/\/www.fumssar.com.br\/index.php?rest_route=\/wp\/v2\/types\/post"}],"author":[{"embeddable":true,"href":"https:\/\/www.fumssar.com.br\/index.php?rest_route=\/wp\/v2\/users\/36"}],"replies":[{"embeddable":true,"href":"https:\/\/www.fumssar.com.br\/index.php?rest_route=%2Fwp%2Fv2%2Fcomments&post=21274"}],"version-history":[{"count":1,"href":"https:\/\/www.fumssar.com.br\/index.php?rest_route=\/wp\/v2\/posts\/21274\/revisions"}],"predecessor-version":[{"id":21276,"href":"https:\/\/www.fumssar.com.br\/index.php?rest_route=\/wp\/v2\/posts\/21274\/revisions\/21276"}],"wp:featuredmedia":[{"embeddable":true,"href":"https:\/\/www.fumssar.com.br\/index.php?rest_route=\/wp\/v2\/media\/21275"}],"wp:attachment":[{"href":"https:\/\/www.fumssar.com.br\/index.php?rest_route=%2Fwp%2Fv2%2Fmedia&parent=21274"}],"wp:term":[{"taxonomy":"category","embeddable":true,"href":"https:\/\/www.fumssar.com.br\/index.php?rest_route=%2Fwp%2Fv2%2Fcategories&post=21274"},{"taxonomy":"post_tag","embeddable":true,"href":"https:\/\/www.fumssar.com.br\/index.php?rest_route=%2Fwp%2Fv2%2Ftags&post=21274"}],"curies":[{"name":"wp","href":"https:\/\/api.w.org\/{rel}","templated":true}]}}