{"id":21215,"date":"2022-05-31T16:25:27","date_gmt":"2022-05-31T19:25:27","guid":{"rendered":"http:\/\/www.fumssar.com.br\/?p=21215"},"modified":"2024-10-07T16:33:16","modified_gmt":"2024-10-07T19:33:16","slug":"fumssar-implementa-plantao-de-inverno","status":"publish","type":"post","link":"https:\/\/www.fumssar.com.br\/?p=21215","title":{"rendered":"FUMSSAR implementa plant\u00e3o de inverno"},"content":{"rendered":"\n<figure class=\"wp-block-image\"><img loading=\"lazy\" decoding=\"async\" width=\"1024\" height=\"768\" src=\"https:\/\/www.fumssar.com.br\/wp-content\/uploads\/2022\/05\/IMG-20220531-WA0026-1024x768.jpg\" alt=\"\" class=\"wp-image-21216\" srcset=\"https:\/\/www.fumssar.com.br\/wp-content\/uploads\/2022\/05\/IMG-20220531-WA0026-1024x768.jpg 1024w, https:\/\/www.fumssar.com.br\/wp-content\/uploads\/2022\/05\/IMG-20220531-WA0026-300x225.jpg 300w, https:\/\/www.fumssar.com.br\/wp-content\/uploads\/2022\/05\/IMG-20220531-WA0026-768x576.jpg 768w, https:\/\/www.fumssar.com.br\/wp-content\/uploads\/2022\/05\/IMG-20220531-WA0026.jpg 1600w\" sizes=\"(max-width: 1024px) 100vw, 1024px\" \/><\/figure>\n\n\n\n<p>Com a aproxima\u00e7\u00e3o da \u00e9poca mais fria do ano, surgem tamb\u00e9m muitas doen\u00e7as respirat\u00f3rias. Desta forma, a Funda\u00e7\u00e3o Municipal de Sa\u00fade de Santa Rosa vai implementar um plant\u00e3o de inverno no munic\u00edpio. O servi\u00e7o inicia na quarta-feira, (01\/06), e ser\u00e1 espec\u00edfico para o atendimento de doen\u00e7as e sintomas respirat\u00f3rios (gripais). O plant\u00e3o vai funcionar na Unidade B\u00e1sica de Sa\u00fade Pereira, das18h \u00e0s 21h. O atendimento \u00e9 de livre demanda, por ordem de chegada. A equipe de sa\u00fade ser\u00e1 composta por: m\u00e9dico, enfermeiro e t\u00e9cnico de enfermagem.<\/p>\n\n\n\n<p>O novo servi\u00e7o \u00e9 um atendimento ambulatorial. O paciente com sintomas respirat\u00f3rios, chega na UBS, \u00e9 atendido, se necess\u00e1rio medicado e liberado com as orienta\u00e7\u00f5es necess\u00e1rias. Caso seja uma situa\u00e7\u00e3o mais grave, ser\u00e1 realizado o encaminhamento para Unidade de Pronto Atendimento (UPA). O Presidente da FUMSSAR, D\u00e9lcio Stefan destaca a import\u00e2ncia do plant\u00e3o de inverno, nesta \u00e9poca do ano, \u201cTemos observado um aumento significativo da procura por consultas, por causa das s\u00edndromes respirat\u00f3rias. O plant\u00e3o vai ser estabelecido para facilitar e agilizar esse atendimento de casos leves e moderados, sem a necessidade do paciente se deslocar at\u00e9 a UPA. \u00c9 mais um servi\u00e7o oferecido para atender as demandas da popula\u00e7\u00e3o\u201d.<\/p>\n\n\n\n<p>A FUMSSAR refor\u00e7a para a popula\u00e7\u00e3o alguns cuidados para prevenir as doen\u00e7as respirat\u00f3rias: mesmo no inverno, deixar os ambientes bem ventilados, lavar as m\u00e3os com frequ\u00eancia, manter uma boa alimenta\u00e7\u00e3o e ingest\u00e3o de l\u00edquidos, dormir bem e caso fa\u00e7a parte dos grupos priorit\u00e1rios para a vacina\u00e7\u00e3o da gripe (Influenza), realizar a imuniza\u00e7\u00e3o. A Unidade B\u00e1sica de Sa\u00fade Pereira fica localizada na Rua Augusto Pestana, 338, Pereira, Santa Rosa.<\/p>\n","protected":false},"excerpt":{"rendered":"<p>Com a aproxima\u00e7\u00e3o da \u00e9poca mais fria do ano, surgem tamb\u00e9m muitas doen\u00e7as respirat\u00f3rias. Desta&#8230;<\/p>\n","protected":false},"author":36,"featured_media":21216,"comment_status":"closed","ping_status":"closed","sticky":false,"template":"","format":"standard","meta":{"footnotes":""},"categories":[2],"tags":[],"_links":{"self":[{"href":"https:\/\/www.fumssar.com.br\/index.php?rest_route=\/wp\/v2\/posts\/21215"}],"collection":[{"href":"https:\/\/www.fumssar.com.br\/index.php?rest_route=\/wp\/v2\/posts"}],"about":[{"href":"https:\/\/www.fumssar.com.br\/index.php?rest_route=\/wp\/v2\/types\/post"}],"author":[{"embeddable":true,"href":"https:\/\/www.fumssar.com.br\/index.php?rest_route=\/wp\/v2\/users\/36"}],"replies":[{"embeddable":true,"href":"https:\/\/www.fumssar.com.br\/index.php?rest_route=%2Fwp%2Fv2%2Fcomments&post=21215"}],"version-history":[{"count":1,"href":"https:\/\/www.fumssar.com.br\/index.php?rest_route=\/wp\/v2\/posts\/21215\/revisions"}],"predecessor-version":[{"id":21217,"href":"https:\/\/www.fumssar.com.br\/index.php?rest_route=\/wp\/v2\/posts\/21215\/revisions\/21217"}],"wp:featuredmedia":[{"embeddable":true,"href":"https:\/\/www.fumssar.com.br\/index.php?rest_route=\/wp\/v2\/media\/21216"}],"wp:attachment":[{"href":"https:\/\/www.fumssar.com.br\/index.php?rest_route=%2Fwp%2Fv2%2Fmedia&parent=21215"}],"wp:term":[{"taxonomy":"category","embeddable":true,"href":"https:\/\/www.fumssar.com.br\/index.php?rest_route=%2Fwp%2Fv2%2Fcategories&post=21215"},{"taxonomy":"post_tag","embeddable":true,"href":"https:\/\/www.fumssar.com.br\/index.php?rest_route=%2Fwp%2Fv2%2Ftags&post=21215"}],"curies":[{"name":"wp","href":"https:\/\/api.w.org\/{rel}","templated":true}]}}