{"id":21210,"date":"2022-05-31T08:00:10","date_gmt":"2022-05-31T11:00:10","guid":{"rendered":"http:\/\/www.fumssar.com.br\/?p=21210"},"modified":"2024-10-07T16:33:16","modified_gmt":"2024-10-07T19:33:16","slug":"profissionais-da-saude-realizam-acoes-de-prevencao-e-combate-a-dengue","status":"publish","type":"post","link":"https:\/\/www.fumssar.com.br\/?p=21210","title":{"rendered":"Profissionais da sa\u00fade realizam a\u00e7\u00f5es de preven\u00e7\u00e3o e combate \u00e0 Dengue"},"content":{"rendered":"\n<figure class=\"wp-block-image\"><img loading=\"lazy\" decoding=\"async\" width=\"1024\" height=\"768\" src=\"http:\/\/www.fumssar.com.br\/wp-content\/uploads\/2022\/05\/WhatsApp-Image-2022-05-26-at-09.41.41-1-1024x768.jpeg\" alt=\"\" class=\"wp-image-21211\" srcset=\"https:\/\/www.fumssar.com.br\/wp-content\/uploads\/2022\/05\/WhatsApp-Image-2022-05-26-at-09.41.41-1-1024x768.jpeg 1024w, https:\/\/www.fumssar.com.br\/wp-content\/uploads\/2022\/05\/WhatsApp-Image-2022-05-26-at-09.41.41-1-300x225.jpeg 300w, https:\/\/www.fumssar.com.br\/wp-content\/uploads\/2022\/05\/WhatsApp-Image-2022-05-26-at-09.41.41-1-768x576.jpeg 768w, https:\/\/www.fumssar.com.br\/wp-content\/uploads\/2022\/05\/WhatsApp-Image-2022-05-26-at-09.41.41-1.jpeg 1280w\" sizes=\"(max-width: 1024px) 100vw, 1024px\" \/><\/figure>\n\n\n\n<p>A Funda\u00e7\u00e3o Municipal de Sa\u00fade de Santa Rosa, por meio da equipe de profissionais da sa\u00fade, segue realizando a\u00e7\u00f5es de preven\u00e7\u00e3o no combate \u00e0 Dengue. As Agentes Comunit\u00e1rias de Sa\u00fade e a estagi\u00e1ria de nutri\u00e7\u00e3o da UBS Sulina, estiveram na Escola Expedicion\u00e1rio Weber, alertando os estudantes. A atividade foi promovida pelo PSE &#8211; Programa Sa\u00fade na Escola. Os alunos do Pr\u00e9 01, Pr\u00e9 02 e do 01\u00b0, 02\u00b0 e 3\u00b0 ano, receberam a visita da mascote do mosquito, Aedes aegypti e instru\u00e7\u00f5es de como prevenir a doen\u00e7a. Al\u00e9m disso, tamb\u00e9m foram passadas dicas sobre alimenta\u00e7\u00e3o saud\u00e1vel.<\/p>\n\n\n\n<p>No per\u00edodo epidemiol\u00f3gico registrado do in\u00edcio do ano, at\u00e9 esta segunda-feira (30), Santa Rosa teve 2.290 notifica\u00e7\u00f5es do v\u00edrus, sendo 1.016 casos confirmados e 1.234 em investiga\u00e7\u00e3o. Das confirma\u00e7\u00f5es, 1.010 casos s\u00e3o aut\u00f3ctones (casos que as pessoas contra\u00edram o v\u00edrus em Santa Rosa) e 06 importados (contra\u00eddos fora do munic\u00edpio). A Coordenadora da UBS Sulina, Janice Kuhn, destaca a import\u00e2ncia de inserir os pequenos nesta grande tarefa, \u201cN\u00f3s acreditamos que conscientizando os alunos agora, eles levar\u00e3o esse h\u00e1bito para a vida adulta e v\u00e3o tamb\u00e9m falar para os pais ou respons\u00e1veis, a import\u00e2ncia dos cuidados para prevenir a Dengue\u201d.<\/p>\n\n\n\n<p>A FUMSSAR orienta a popula\u00e7\u00e3o para que fa\u00e7a uso do repelente e realize as medidas de preven\u00e7\u00e3o. Caso sejam observados sintomas da doen\u00e7a, o cidad\u00e3o deve manter a hidrata\u00e7\u00e3o e procurar a Unidade B\u00e1sica de Sa\u00fade de refer\u00eancia. Se houver algum sintoma grave, a orienta\u00e7\u00e3o \u00e9 para procurar a Unidade de Pronto Atendimento (UPA).<\/p>\n\n\n\n<ul class=\"wp-block-gallery columns-2 is-cropped wp-block-gallery-1 is-layout-flex wp-block-gallery-is-layout-flex\"><li class=\"blocks-gallery-item\"><figure><img loading=\"lazy\" decoding=\"async\" width=\"1024\" height=\"768\" src=\"http:\/\/www.fumssar.com.br\/wp-content\/uploads\/2022\/05\/WhatsApp-Image-2022-05-26-at-09.41.40-1024x768.jpeg\" alt=\"\" data-id=\"21212\" data-link=\"http:\/\/www.fumssar.com.br\/?attachment_id=21212\" class=\"wp-image-21212\" srcset=\"https:\/\/www.fumssar.com.br\/wp-content\/uploads\/2022\/05\/WhatsApp-Image-2022-05-26-at-09.41.40-1024x768.jpeg 1024w, https:\/\/www.fumssar.com.br\/wp-content\/uploads\/2022\/05\/WhatsApp-Image-2022-05-26-at-09.41.40-300x225.jpeg 300w, https:\/\/www.fumssar.com.br\/wp-content\/uploads\/2022\/05\/WhatsApp-Image-2022-05-26-at-09.41.40-768x576.jpeg 768w, https:\/\/www.fumssar.com.br\/wp-content\/uploads\/2022\/05\/WhatsApp-Image-2022-05-26-at-09.41.40.jpeg 1280w\" sizes=\"(max-width: 1024px) 100vw, 1024px\" \/><\/figure><\/li><li class=\"blocks-gallery-item\"><figure><img loading=\"lazy\" decoding=\"async\" width=\"1024\" height=\"768\" src=\"http:\/\/www.fumssar.com.br\/wp-content\/uploads\/2022\/05\/WhatsApp-Image-2022-05-26-at-09.41.44-1024x768.jpeg\" alt=\"\" data-id=\"21213\" data-link=\"http:\/\/www.fumssar.com.br\/?attachment_id=21213\" class=\"wp-image-21213\" srcset=\"https:\/\/www.fumssar.com.br\/wp-content\/uploads\/2022\/05\/WhatsApp-Image-2022-05-26-at-09.41.44-1024x768.jpeg 1024w, https:\/\/www.fumssar.com.br\/wp-content\/uploads\/2022\/05\/WhatsApp-Image-2022-05-26-at-09.41.44-300x225.jpeg 300w, https:\/\/www.fumssar.com.br\/wp-content\/uploads\/2022\/05\/WhatsApp-Image-2022-05-26-at-09.41.44-768x576.jpeg 768w, https:\/\/www.fumssar.com.br\/wp-content\/uploads\/2022\/05\/WhatsApp-Image-2022-05-26-at-09.41.44.jpeg 1280w\" sizes=\"(max-width: 1024px) 100vw, 1024px\" \/><\/figure><\/li><\/ul>\n","protected":false},"excerpt":{"rendered":"<p>A Funda\u00e7\u00e3o Municipal de Sa\u00fade de Santa Rosa, por meio da equipe de profissionais da&#8230;<\/p>\n","protected":false},"author":36,"featured_media":21211,"comment_status":"closed","ping_status":"closed","sticky":false,"template":"","format":"standard","meta":{"footnotes":""},"categories":[2],"tags":[],"_links":{"self":[{"href":"https:\/\/www.fumssar.com.br\/index.php?rest_route=\/wp\/v2\/posts\/21210"}],"collection":[{"href":"https:\/\/www.fumssar.com.br\/index.php?rest_route=\/wp\/v2\/posts"}],"about":[{"href":"https:\/\/www.fumssar.com.br\/index.php?rest_route=\/wp\/v2\/types\/post"}],"author":[{"embeddable":true,"href":"https:\/\/www.fumssar.com.br\/index.php?rest_route=\/wp\/v2\/users\/36"}],"replies":[{"embeddable":true,"href":"https:\/\/www.fumssar.com.br\/index.php?rest_route=%2Fwp%2Fv2%2Fcomments&post=21210"}],"version-history":[{"count":1,"href":"https:\/\/www.fumssar.com.br\/index.php?rest_route=\/wp\/v2\/posts\/21210\/revisions"}],"predecessor-version":[{"id":21214,"href":"https:\/\/www.fumssar.com.br\/index.php?rest_route=\/wp\/v2\/posts\/21210\/revisions\/21214"}],"wp:featuredmedia":[{"embeddable":true,"href":"https:\/\/www.fumssar.com.br\/index.php?rest_route=\/wp\/v2\/media\/21211"}],"wp:attachment":[{"href":"https:\/\/www.fumssar.com.br\/index.php?rest_route=%2Fwp%2Fv2%2Fmedia&parent=21210"}],"wp:term":[{"taxonomy":"category","embeddable":true,"href":"https:\/\/www.fumssar.com.br\/index.php?rest_route=%2Fwp%2Fv2%2Fcategories&post=21210"},{"taxonomy":"post_tag","embeddable":true,"href":"https:\/\/www.fumssar.com.br\/index.php?rest_route=%2Fwp%2Fv2%2Ftags&post=21210"}],"curies":[{"name":"wp","href":"https:\/\/api.w.org\/{rel}","templated":true}]}}