{"id":21204,"date":"2022-05-30T14:42:29","date_gmt":"2022-05-30T17:42:29","guid":{"rendered":"http:\/\/www.fumssar.com.br\/?p=21204"},"modified":"2024-10-07T16:33:16","modified_gmt":"2024-10-07T19:33:16","slug":"mais-de-1-800-doses-foram-aplicadas-no-mutirao-de-vacinacao-da-fumssar","status":"publish","type":"post","link":"https:\/\/www.fumssar.com.br\/?p=21204","title":{"rendered":"Mais de 1.800 doses foram aplicadas no Mutir\u00e3o de Vacina\u00e7\u00e3o da FUMSSAR"},"content":{"rendered":"\n<figure class=\"wp-block-image\"><img loading=\"lazy\" decoding=\"async\" width=\"1024\" height=\"768\" src=\"https:\/\/www.fumssar.com.br\/wp-content\/uploads\/2022\/05\/WhatsApp-Image-2022-05-30-at-14.25.31-1024x768.jpeg\" alt=\"\" class=\"wp-image-21205\" srcset=\"https:\/\/www.fumssar.com.br\/wp-content\/uploads\/2022\/05\/WhatsApp-Image-2022-05-30-at-14.25.31-1024x768.jpeg 1024w, https:\/\/www.fumssar.com.br\/wp-content\/uploads\/2022\/05\/WhatsApp-Image-2022-05-30-at-14.25.31-300x225.jpeg 300w, https:\/\/www.fumssar.com.br\/wp-content\/uploads\/2022\/05\/WhatsApp-Image-2022-05-30-at-14.25.31-768x576.jpeg 768w, https:\/\/www.fumssar.com.br\/wp-content\/uploads\/2022\/05\/WhatsApp-Image-2022-05-30-at-14.25.31.jpeg 1156w\" sizes=\"(max-width: 1024px) 100vw, 1024px\" \/><\/figure>\n\n\n\n<p>A Funda\u00e7\u00e3o Municipal de Sa\u00fade de Santa Rosa realizou no \u00faltimo s\u00e1bado (28), um mutir\u00e3o de vacina\u00e7\u00e3o. Ao todo, foram aplicadas 1.807 doses, das 08h \u00e0s 14h. Dessas, 1.203 aplica\u00e7\u00f5es foram da vacina contra a Gripe (Influenza) e 351 da Tr\u00edplice Viral (Sarampo, Rub\u00e9ola e Caxumba), realizadas nas Unidades B\u00e1sicas de Sa\u00fade, para os grupos priorit\u00e1rios. Na Central de Vacinas da FUMSSAR, 253 doses foram aplicadas contra a COVID-19.<\/p>\n\n\n\n<p>As pessoas que ainda n\u00e3o realizaram a imuniza\u00e7\u00e3o da Influenza e\/ou da Tr\u00edplice Viral e que fazem parte dos grupos priorit\u00e1rios podem ainda nesta semana, realizar a aplica\u00e7\u00e3o. A Campanha Nacional de Vacina\u00e7\u00e3o contra a Gripe e Sarampo vai at\u00e9 o dia 03 de junho, sexta-feira. A imuniza\u00e7\u00e3o pode ser realizada em todas as Unidades B\u00e1sicas de Sa\u00fade. O atendimento acontece por ordem de chegada. N\u00e3o h\u00e1 necessidade de cumprir intervalo para a aplica\u00e7\u00e3o das doses. Dessa forma, as duas vacinas podem ser administradas no mesmo dia. O Presidente da FUMSSAR, D\u00e9lcio Stefan destacou a import\u00e2ncia da imuniza\u00e7\u00e3o para a popula\u00e7\u00e3o, \u201cO objetivo da vacina\u00e7\u00e3o \u00e9 prevenir o surgimento de complica\u00e7\u00f5es decorrentes da gripe e interromper a circula\u00e7\u00e3o do sarampo, evitando complica\u00e7\u00f5es graves das doen\u00e7as\u201d.<\/p>\n\n\n\n<p>Podem se vacinar contra a gripe: trabalhadores da sa\u00fade, adultos a partir dos 55 anos, crian\u00e7as de 06 meses at\u00e9 09 anos, gestantes e pu\u00e9rperas, povos ind\u00edgenas, trabalhadores da educa\u00e7\u00e3o, pessoas com defici\u00eancia permanente e comorbidades, caminhoneiros, trabalhadores de transporte coletivo rodovi\u00e1rio para passageiros urbanos e de longo curso, trabalhadores portu\u00e1rios, integrantes das For\u00e7as Armadas, de seguran\u00e7a e de salvamento, funcion\u00e1rios do sistema prisional, popula\u00e7\u00e3o privada de liberdade e adolescentes e jovens em medidas socioeducativas. A imuniza\u00e7\u00e3o contra o Sarampo pode ser realizada para crian\u00e7as com idades entre 06 meses e menores de 05 anos (04 anos, 11 meses e 29 dias) e para os profissionais de sa\u00fade com esquema incompleto, aqueles que ainda n\u00e3o possuem as duas doses da vacina Tr\u00edplice Viral.<\/p>\n","protected":false},"excerpt":{"rendered":"<p>A Funda\u00e7\u00e3o Municipal de Sa\u00fade de Santa Rosa realizou no \u00faltimo s\u00e1bado (28), um mutir\u00e3o&#8230;<\/p>\n","protected":false},"author":36,"featured_media":21205,"comment_status":"closed","ping_status":"closed","sticky":false,"template":"","format":"standard","meta":{"footnotes":""},"categories":[152,2],"tags":[],"_links":{"self":[{"href":"https:\/\/www.fumssar.com.br\/index.php?rest_route=\/wp\/v2\/posts\/21204"}],"collection":[{"href":"https:\/\/www.fumssar.com.br\/index.php?rest_route=\/wp\/v2\/posts"}],"about":[{"href":"https:\/\/www.fumssar.com.br\/index.php?rest_route=\/wp\/v2\/types\/post"}],"author":[{"embeddable":true,"href":"https:\/\/www.fumssar.com.br\/index.php?rest_route=\/wp\/v2\/users\/36"}],"replies":[{"embeddable":true,"href":"https:\/\/www.fumssar.com.br\/index.php?rest_route=%2Fwp%2Fv2%2Fcomments&post=21204"}],"version-history":[{"count":1,"href":"https:\/\/www.fumssar.com.br\/index.php?rest_route=\/wp\/v2\/posts\/21204\/revisions"}],"predecessor-version":[{"id":21206,"href":"https:\/\/www.fumssar.com.br\/index.php?rest_route=\/wp\/v2\/posts\/21204\/revisions\/21206"}],"wp:featuredmedia":[{"embeddable":true,"href":"https:\/\/www.fumssar.com.br\/index.php?rest_route=\/wp\/v2\/media\/21205"}],"wp:attachment":[{"href":"https:\/\/www.fumssar.com.br\/index.php?rest_route=%2Fwp%2Fv2%2Fmedia&parent=21204"}],"wp:term":[{"taxonomy":"category","embeddable":true,"href":"https:\/\/www.fumssar.com.br\/index.php?rest_route=%2Fwp%2Fv2%2Fcategories&post=21204"},{"taxonomy":"post_tag","embeddable":true,"href":"https:\/\/www.fumssar.com.br\/index.php?rest_route=%2Fwp%2Fv2%2Ftags&post=21204"}],"curies":[{"name":"wp","href":"https:\/\/api.w.org\/{rel}","templated":true}]}}