{"id":21165,"date":"2022-05-26T17:18:46","date_gmt":"2022-05-26T20:18:46","guid":{"rendered":"http:\/\/www.fumssar.com.br\/?p=21165"},"modified":"2024-10-07T16:33:16","modified_gmt":"2024-10-07T19:33:16","slug":"sabado-e-dia-de-mutirao-de-vacinacao","status":"publish","type":"post","link":"https:\/\/www.fumssar.com.br\/?p=21165","title":{"rendered":"S\u00e1bado \u00e9 dia de Mutir\u00e3o de Vacina\u00e7\u00e3o"},"content":{"rendered":"\n<figure class=\"wp-block-image\"><img loading=\"lazy\" decoding=\"async\" width=\"1024\" height=\"1024\" src=\"http:\/\/www.fumssar.com.br\/wp-content\/uploads\/2022\/05\/WhatsApp-Image-2022-05-26-at-17.02.41-1024x1024.jpeg\" alt=\"\" class=\"wp-image-21166\" srcset=\"https:\/\/www.fumssar.com.br\/wp-content\/uploads\/2022\/05\/WhatsApp-Image-2022-05-26-at-17.02.41-1024x1024.jpeg 1024w, https:\/\/www.fumssar.com.br\/wp-content\/uploads\/2022\/05\/WhatsApp-Image-2022-05-26-at-17.02.41-150x150.jpeg 150w, https:\/\/www.fumssar.com.br\/wp-content\/uploads\/2022\/05\/WhatsApp-Image-2022-05-26-at-17.02.41-300x300.jpeg 300w, https:\/\/www.fumssar.com.br\/wp-content\/uploads\/2022\/05\/WhatsApp-Image-2022-05-26-at-17.02.41-768x768.jpeg 768w, https:\/\/www.fumssar.com.br\/wp-content\/uploads\/2022\/05\/WhatsApp-Image-2022-05-26-at-17.02.41.jpeg 1080w\" sizes=\"(max-width: 1024px) 100vw, 1024px\" \/><\/figure>\n\n\n\n<p>A Funda\u00e7\u00e3o Municipal de Sa\u00fade de Santa Rosa vai realizar no s\u00e1bado (28), um mutir\u00e3o de vacina\u00e7\u00e3o. V\u00e3o ser aplicadas as vacinas contra a Gripe (Influenza) e Sarampo em todas as Unidades B\u00e1sicas de Sa\u00fade, para os grupos priorit\u00e1rios. Tamb\u00e9m vai ser realizada a imuniza\u00e7\u00e3o contra a COVID-19, na Central de Vacinas da FUMSSAR. O mutir\u00e3o acontece das 08h \u00e0s 14h em todos os locais. N\u00e3o \u00e9 necess\u00e1rio realizar o agendamento. O atendimento acontece por ordem de chegada. As crian\u00e7as que forem se vacinar precisam ir acompanhadas dos pais ou respons\u00e1veis e levar junto certid\u00e3o de nascimento, cart\u00e3o SUS e a caderneta de vacina\u00e7\u00e3o.<\/p>\n\n\n\n<p>Na Central, v\u00e3o ser realizadas todas as doses: dose um (D1), dose dois (D2) e as doses de refor\u00e7o (DR). Os cidad\u00e3os que forem se vacinar, precisam levar documento com foto, CPF, cart\u00e3o SUS e a caderneta de vacina\u00e7\u00e3o. Os jovens, dos 05 aos 15 anos, precisam ir acompanhados dos pais ou respons\u00e1vel legal. A Central de Vacinas da FUMSSAR fica localizada na Rua Dr. Francisco Timm, 480 \u2013 centro, no subsolo (entrada pela lateral).<\/p>\n","protected":false},"excerpt":{"rendered":"<p>A Funda\u00e7\u00e3o Municipal de Sa\u00fade de Santa Rosa vai realizar no s\u00e1bado (28), um mutir\u00e3o&#8230;<\/p>\n","protected":false},"author":36,"featured_media":21166,"comment_status":"closed","ping_status":"closed","sticky":false,"template":"","format":"standard","meta":{"footnotes":""},"categories":[152,2],"tags":[],"_links":{"self":[{"href":"https:\/\/www.fumssar.com.br\/index.php?rest_route=\/wp\/v2\/posts\/21165"}],"collection":[{"href":"https:\/\/www.fumssar.com.br\/index.php?rest_route=\/wp\/v2\/posts"}],"about":[{"href":"https:\/\/www.fumssar.com.br\/index.php?rest_route=\/wp\/v2\/types\/post"}],"author":[{"embeddable":true,"href":"https:\/\/www.fumssar.com.br\/index.php?rest_route=\/wp\/v2\/users\/36"}],"replies":[{"embeddable":true,"href":"https:\/\/www.fumssar.com.br\/index.php?rest_route=%2Fwp%2Fv2%2Fcomments&post=21165"}],"version-history":[{"count":1,"href":"https:\/\/www.fumssar.com.br\/index.php?rest_route=\/wp\/v2\/posts\/21165\/revisions"}],"predecessor-version":[{"id":21167,"href":"https:\/\/www.fumssar.com.br\/index.php?rest_route=\/wp\/v2\/posts\/21165\/revisions\/21167"}],"wp:featuredmedia":[{"embeddable":true,"href":"https:\/\/www.fumssar.com.br\/index.php?rest_route=\/wp\/v2\/media\/21166"}],"wp:attachment":[{"href":"https:\/\/www.fumssar.com.br\/index.php?rest_route=%2Fwp%2Fv2%2Fmedia&parent=21165"}],"wp:term":[{"taxonomy":"category","embeddable":true,"href":"https:\/\/www.fumssar.com.br\/index.php?rest_route=%2Fwp%2Fv2%2Fcategories&post=21165"},{"taxonomy":"post_tag","embeddable":true,"href":"https:\/\/www.fumssar.com.br\/index.php?rest_route=%2Fwp%2Fv2%2Ftags&post=21165"}],"curies":[{"name":"wp","href":"https:\/\/api.w.org\/{rel}","templated":true}]}}