{"id":21160,"date":"2022-05-26T16:51:15","date_gmt":"2022-05-26T19:51:15","guid":{"rendered":"http:\/\/www.fumssar.com.br\/?p=21160"},"modified":"2024-10-07T16:33:16","modified_gmt":"2024-10-07T19:33:16","slug":"saude-mental-na-adolescencia-e-tema-de-evento-realizado-pela-fumssar","status":"publish","type":"post","link":"https:\/\/www.fumssar.com.br\/?p=21160","title":{"rendered":"Sa\u00fade mental na adolesc\u00eancia \u00e9 tema de evento realizado pela FUMSSAR"},"content":{"rendered":"\n<figure class=\"wp-block-image\"><img loading=\"lazy\" decoding=\"async\" width=\"1024\" height=\"768\" src=\"http:\/\/www.fumssar.com.br\/wp-content\/uploads\/2022\/05\/WhatsApp-Image-2022-05-26-at-16.46.50-1024x768.jpeg\" alt=\"\" class=\"wp-image-21161\" srcset=\"https:\/\/www.fumssar.com.br\/wp-content\/uploads\/2022\/05\/WhatsApp-Image-2022-05-26-at-16.46.50-1024x768.jpeg 1024w, https:\/\/www.fumssar.com.br\/wp-content\/uploads\/2022\/05\/WhatsApp-Image-2022-05-26-at-16.46.50-300x225.jpeg 300w, https:\/\/www.fumssar.com.br\/wp-content\/uploads\/2022\/05\/WhatsApp-Image-2022-05-26-at-16.46.50-768x576.jpeg 768w, https:\/\/www.fumssar.com.br\/wp-content\/uploads\/2022\/05\/WhatsApp-Image-2022-05-26-at-16.46.50.jpeg 1600w\" sizes=\"(max-width: 1024px) 100vw, 1024px\" \/><\/figure>\n\n\n\n<p>A Funda\u00e7\u00e3o Municipal de Sa\u00fade de Santa Rosa por meio da equipe do CAPS II &#8211; Novo Rumo realizou nesta quarta-feira (25), um evento sobre sa\u00fade mental na adolesc\u00eancia. O encontro aconteceu no audit\u00f3rio da UNIJU\u00cd, com a parceria da Secretaria de Educa\u00e7\u00e3o e Cultura. Estavam presentes profissionais da sa\u00fade e educa\u00e7\u00e3o. O evento contou com apresenta\u00e7\u00f5es musicais dos pacientes dos CAPS II e CAPS AD e palestras com o tema: Sa\u00fade Mental na Adolesc\u00eancia: precisamos falar sobre isso.<\/p>\n\n\n\n<p>A primeira palestra foi com as psic\u00f3logas Adriane Soares Alpe, do CAPS II Novo Rumo e Camila Heck, da Secretaria de Educa\u00e7\u00e3o e Cultura. As profissionais falaram sobre como funcionam os atendimentos nas escolas, quais s\u00e3o os fatores de risco e trouxeram dados que mostraram um significativo aumento de adolescentes que tentaram o suic\u00eddio ou a autoles\u00e3o durante e ap\u00f3s o per\u00edodo da pandemia da COVID-19. O Presidente da FUMSSAR, D\u00e9lcio Stefan destacou a import\u00e2ncia do tema para o momento atual, \u201cEsse \u00e9 um assunto que precisa ser debatido com professores, profissionais da sa\u00fade e pais. Precisamos construir novas estrat\u00e9gias de abordagem em sa\u00fade mental para os adolescentes, juntamente com as suas fam\u00edlias. Nossa miss\u00e3o \u00e9 oportunizar um espa\u00e7o de escuta e acolhimento, evitando e prevenindo assim, os casos de suic\u00eddio e de autoles\u00e3o\u201d.<\/p>\n\n\n\n<p>A Psic\u00f3loga e Psicoterapeuta Karen Scavacini, tamb\u00e9m realizou uma palestra, de forma online, sobre o tema: \u201cRisco de suic\u00eddio e autoles\u00e3o na adolesc\u00eancia\u201d. Idealizadora, cofundadora, coordenadora e respons\u00e1vel t\u00e9cnica do Instituto Vita Alere de Preven\u00e7\u00e3o e Posven\u00e7\u00e3o do Suic\u00eddio, a palestrante refor\u00e7ou a import\u00e2ncia de os profissionais observarem os fatores de risco nos adolescentes. Al\u00e9m disso, a psic\u00f3loga falou sobre os \u00faltimos estudos realizados no Brasil e no mundo e as estrat\u00e9gias que est\u00e3o sendo adotadas para prevenir o suic\u00eddio e a autoles\u00e3o nesta faixa et\u00e1ria.<\/p>\n\n\n\n<ul class=\"wp-block-gallery columns-2 is-cropped wp-block-gallery-1 is-layout-flex wp-block-gallery-is-layout-flex\"><li class=\"blocks-gallery-item\"><figure><img loading=\"lazy\" decoding=\"async\" width=\"1024\" height=\"768\" src=\"http:\/\/www.fumssar.com.br\/wp-content\/uploads\/2022\/05\/WhatsApp-Image-2022-05-26-at-16.34.31-1024x768.jpeg\" alt=\"\" data-id=\"21162\" data-link=\"http:\/\/www.fumssar.com.br\/?attachment_id=21162\" class=\"wp-image-21162\" srcset=\"https:\/\/www.fumssar.com.br\/wp-content\/uploads\/2022\/05\/WhatsApp-Image-2022-05-26-at-16.34.31-1024x768.jpeg 1024w, https:\/\/www.fumssar.com.br\/wp-content\/uploads\/2022\/05\/WhatsApp-Image-2022-05-26-at-16.34.31-300x225.jpeg 300w, https:\/\/www.fumssar.com.br\/wp-content\/uploads\/2022\/05\/WhatsApp-Image-2022-05-26-at-16.34.31-768x576.jpeg 768w, https:\/\/www.fumssar.com.br\/wp-content\/uploads\/2022\/05\/WhatsApp-Image-2022-05-26-at-16.34.31.jpeg 1156w\" sizes=\"(max-width: 1024px) 100vw, 1024px\" \/><\/figure><\/li><li class=\"blocks-gallery-item\"><figure><img loading=\"lazy\" decoding=\"async\" width=\"1024\" height=\"768\" src=\"http:\/\/www.fumssar.com.br\/wp-content\/uploads\/2022\/05\/WhatsApp-Image-2022-05-26-at-16.34.30-1024x768.jpeg\" alt=\"\" data-id=\"21163\" data-link=\"http:\/\/www.fumssar.com.br\/?attachment_id=21163\" class=\"wp-image-21163\" srcset=\"https:\/\/www.fumssar.com.br\/wp-content\/uploads\/2022\/05\/WhatsApp-Image-2022-05-26-at-16.34.30-1024x768.jpeg 1024w, https:\/\/www.fumssar.com.br\/wp-content\/uploads\/2022\/05\/WhatsApp-Image-2022-05-26-at-16.34.30-300x225.jpeg 300w, https:\/\/www.fumssar.com.br\/wp-content\/uploads\/2022\/05\/WhatsApp-Image-2022-05-26-at-16.34.30-768x576.jpeg 768w, https:\/\/www.fumssar.com.br\/wp-content\/uploads\/2022\/05\/WhatsApp-Image-2022-05-26-at-16.34.30.jpeg 1156w\" sizes=\"(max-width: 1024px) 100vw, 1024px\" \/><\/figure><\/li><\/ul>\n","protected":false},"excerpt":{"rendered":"<p>A Funda\u00e7\u00e3o Municipal de Sa\u00fade de Santa Rosa por meio da equipe do CAPS II&#8230;<\/p>\n","protected":false},"author":36,"featured_media":21161,"comment_status":"closed","ping_status":"closed","sticky":false,"template":"","format":"standard","meta":{"footnotes":""},"categories":[2],"tags":[],"_links":{"self":[{"href":"https:\/\/www.fumssar.com.br\/index.php?rest_route=\/wp\/v2\/posts\/21160"}],"collection":[{"href":"https:\/\/www.fumssar.com.br\/index.php?rest_route=\/wp\/v2\/posts"}],"about":[{"href":"https:\/\/www.fumssar.com.br\/index.php?rest_route=\/wp\/v2\/types\/post"}],"author":[{"embeddable":true,"href":"https:\/\/www.fumssar.com.br\/index.php?rest_route=\/wp\/v2\/users\/36"}],"replies":[{"embeddable":true,"href":"https:\/\/www.fumssar.com.br\/index.php?rest_route=%2Fwp%2Fv2%2Fcomments&post=21160"}],"version-history":[{"count":1,"href":"https:\/\/www.fumssar.com.br\/index.php?rest_route=\/wp\/v2\/posts\/21160\/revisions"}],"predecessor-version":[{"id":21164,"href":"https:\/\/www.fumssar.com.br\/index.php?rest_route=\/wp\/v2\/posts\/21160\/revisions\/21164"}],"wp:featuredmedia":[{"embeddable":true,"href":"https:\/\/www.fumssar.com.br\/index.php?rest_route=\/wp\/v2\/media\/21161"}],"wp:attachment":[{"href":"https:\/\/www.fumssar.com.br\/index.php?rest_route=%2Fwp%2Fv2%2Fmedia&parent=21160"}],"wp:term":[{"taxonomy":"category","embeddable":true,"href":"https:\/\/www.fumssar.com.br\/index.php?rest_route=%2Fwp%2Fv2%2Fcategories&post=21160"},{"taxonomy":"post_tag","embeddable":true,"href":"https:\/\/www.fumssar.com.br\/index.php?rest_route=%2Fwp%2Fv2%2Ftags&post=21160"}],"curies":[{"name":"wp","href":"https:\/\/api.w.org\/{rel}","templated":true}]}}