{"id":21130,"date":"2022-05-24T16:45:45","date_gmt":"2022-05-24T19:45:45","guid":{"rendered":"http:\/\/www.fumssar.com.br\/?p=21130"},"modified":"2024-10-07T16:33:16","modified_gmt":"2024-10-07T19:33:16","slug":"terapeutas-ocupacionais-do-cer-realizam-atividades-diferenciadas","status":"publish","type":"post","link":"https:\/\/www.fumssar.com.br\/?p=21130","title":{"rendered":"Terapeutas Ocupacionais do CER realizam atividades diferenciadas"},"content":{"rendered":"\n<figure class=\"wp-block-image\"><img loading=\"lazy\" decoding=\"async\" width=\"1024\" height=\"576\" src=\"https:\/\/www.fumssar.com.br\/wp-content\/uploads\/2022\/05\/image_50393857-1024x576.jpg\" alt=\"\" class=\"wp-image-21131\" srcset=\"https:\/\/www.fumssar.com.br\/wp-content\/uploads\/2022\/05\/image_50393857-1024x576.jpg 1024w, https:\/\/www.fumssar.com.br\/wp-content\/uploads\/2022\/05\/image_50393857-300x169.jpg 300w, https:\/\/www.fumssar.com.br\/wp-content\/uploads\/2022\/05\/image_50393857-768x432.jpg 768w\" sizes=\"(max-width: 1024px) 100vw, 1024px\" \/><\/figure>\n\n\n\n<p>Proporcionar viv\u00eancias do cotidiano tamb\u00e9m faz parte do trabalho desenvolvido no CER II \u2013 Santa Rosa. Os Terapeutas Ocupacionais do Centro Especializado em Reabilita\u00e7\u00e3o Intelectual e Auditiva, Douglas Utzig e L\u00edgia Junges, realizaram nesta segunda-feira (23), uma atividade externa com o grupo de reabilita\u00e7\u00e3o intelectual. Eles conduziram 05 pacientes que fazem parte do grupo, para uma experi\u00eancia de Mobilidade Funcional e Condutas Sociais. <\/p>\n\n\n\n<p>Para a realiza\u00e7\u00e3o da atividade, as crian\u00e7as sa\u00edram do CER, caminhando com orienta\u00e7\u00e3o de mobilidade urbana, tr\u00e2nsito seguro e orienta\u00e7\u00e3o sobre os espa\u00e7os que comp\u00f5em o cen\u00e1rio da cidade, at\u00e9 a rodovi\u00e1ria. Ao chegarem no centro, no hotel Rigo, foram recebidos pela gerente e aprenderam sobre as rotinas de hospedagem: check-in, mobilidade interna do hotel &#8211; elevador, uso do quarto, higiene, caf\u00e9 da manh\u00e3, sal\u00e3o de eventos, recep\u00e7\u00e3o e check-out. Logo ap\u00f3s, caminharam at\u00e9 a rodovi\u00e1ria, onde foi simulado um roteiro de viagem, com a compra de passagem, identifica\u00e7\u00e3o do box e \u00f4nibus a ser utilizado e a apresenta\u00e7\u00e3o de todos os espa\u00e7os que comp\u00f5em a rodovi\u00e1ria: restaurante, lojas, sala de espera e banheiro. O Terapeuta Ocupacional Douglas Utzig ressaltou a import\u00e2ncia de realizar a atividade externa com as crian\u00e7as em atendimento no CER, \u201cA reabilita\u00e7\u00e3o \u00e9 multifatorial, decorre da intera\u00e7\u00e3o entre fam\u00edlia, escola, crian\u00e7a, sociedade e profissionais. Por isso, experi\u00eancias como essas do cotidiano, contribuem muito para melhorar o desenvolvimento dos pacientes\u201d.<\/p>\n\n\n\n<p>Cada paciente do grupo teve a oportunidade de conduzir a travessia das ruas em faixa de seguran\u00e7a, sempre com a supervis\u00e3o dos profissionais. Para a Terapeuta Ocupacional L\u00edgia Junges, as atividades realizadas na pr\u00e1tica, ofertam experi\u00eancias sensoriais e sociais que potencializam o aprendizado, \u201cPercebemos que atrav\u00e9s das experi\u00eancias vivenciadas, os indiv\u00edduos desenvolvem habilidades. O grupo demonstrou boa compreens\u00e3o e interesse no aprendizado\u201d. O Centro Especializado em Reabilita\u00e7\u00e3o Auditiva e Intelectual (CER II) \u00e9 um servi\u00e7o oferecido pela Funda\u00e7\u00e3o Municipal de Sa\u00fade e funciona de segunda \u00e0 sexta-feira, das 07h30min \u00e0s 11h30min e das 13h30min \u00e0s 17h30min.<\/p>\n\n\n\n<figure class=\"wp-block-image\"><img loading=\"lazy\" decoding=\"async\" width=\"1024\" height=\"576\" src=\"https:\/\/www.fumssar.com.br\/wp-content\/uploads\/2022\/05\/WhatsApp-Image-2022-05-24-at-16.06.25-1024x576.jpeg\" alt=\"\" class=\"wp-image-21133\" srcset=\"https:\/\/www.fumssar.com.br\/wp-content\/uploads\/2022\/05\/WhatsApp-Image-2022-05-24-at-16.06.25-1024x576.jpeg 1024w, https:\/\/www.fumssar.com.br\/wp-content\/uploads\/2022\/05\/WhatsApp-Image-2022-05-24-at-16.06.25-300x169.jpeg 300w, https:\/\/www.fumssar.com.br\/wp-content\/uploads\/2022\/05\/WhatsApp-Image-2022-05-24-at-16.06.25-768x432.jpeg 768w, https:\/\/www.fumssar.com.br\/wp-content\/uploads\/2022\/05\/WhatsApp-Image-2022-05-24-at-16.06.25.jpeg 1280w\" sizes=\"(max-width: 1024px) 100vw, 1024px\" \/><\/figure>\n","protected":false},"excerpt":{"rendered":"<p>Proporcionar viv\u00eancias do cotidiano tamb\u00e9m faz parte do trabalho desenvolvido no CER II \u2013 Santa&#8230;<\/p>\n","protected":false},"author":36,"featured_media":21131,"comment_status":"closed","ping_status":"closed","sticky":false,"template":"","format":"standard","meta":{"footnotes":""},"categories":[2],"tags":[],"_links":{"self":[{"href":"https:\/\/www.fumssar.com.br\/index.php?rest_route=\/wp\/v2\/posts\/21130"}],"collection":[{"href":"https:\/\/www.fumssar.com.br\/index.php?rest_route=\/wp\/v2\/posts"}],"about":[{"href":"https:\/\/www.fumssar.com.br\/index.php?rest_route=\/wp\/v2\/types\/post"}],"author":[{"embeddable":true,"href":"https:\/\/www.fumssar.com.br\/index.php?rest_route=\/wp\/v2\/users\/36"}],"replies":[{"embeddable":true,"href":"https:\/\/www.fumssar.com.br\/index.php?rest_route=%2Fwp%2Fv2%2Fcomments&post=21130"}],"version-history":[{"count":2,"href":"https:\/\/www.fumssar.com.br\/index.php?rest_route=\/wp\/v2\/posts\/21130\/revisions"}],"predecessor-version":[{"id":21134,"href":"https:\/\/www.fumssar.com.br\/index.php?rest_route=\/wp\/v2\/posts\/21130\/revisions\/21134"}],"wp:featuredmedia":[{"embeddable":true,"href":"https:\/\/www.fumssar.com.br\/index.php?rest_route=\/wp\/v2\/media\/21131"}],"wp:attachment":[{"href":"https:\/\/www.fumssar.com.br\/index.php?rest_route=%2Fwp%2Fv2%2Fmedia&parent=21130"}],"wp:term":[{"taxonomy":"category","embeddable":true,"href":"https:\/\/www.fumssar.com.br\/index.php?rest_route=%2Fwp%2Fv2%2Fcategories&post=21130"},{"taxonomy":"post_tag","embeddable":true,"href":"https:\/\/www.fumssar.com.br\/index.php?rest_route=%2Fwp%2Fv2%2Ftags&post=21130"}],"curies":[{"name":"wp","href":"https:\/\/api.w.org\/{rel}","templated":true}]}}