{"id":21119,"date":"2022-05-23T08:58:32","date_gmt":"2022-05-23T11:58:32","guid":{"rendered":"http:\/\/www.fumssar.com.br\/?p=21119"},"modified":"2024-10-07T16:33:16","modified_gmt":"2024-10-07T19:33:16","slug":"saude-e-pauta-nas-reunioes-das-comunidades-de-santa-rosa","status":"publish","type":"post","link":"https:\/\/www.fumssar.com.br\/?p=21119","title":{"rendered":"Sa\u00fade \u00e9 pauta nas reuni\u00f5es das comunidades de Santa Rosa"},"content":{"rendered":"\n<figure class=\"wp-block-image\"><img loading=\"lazy\" decoding=\"async\" width=\"1024\" height=\"576\" src=\"https:\/\/www.fumssar.com.br\/wp-content\/uploads\/2022\/05\/WhatsApp-Image-2022-05-23-at-08.53.30-1024x576.jpeg\" alt=\"\" class=\"wp-image-21120\" srcset=\"https:\/\/www.fumssar.com.br\/wp-content\/uploads\/2022\/05\/WhatsApp-Image-2022-05-23-at-08.53.30-1024x576.jpeg 1024w, https:\/\/www.fumssar.com.br\/wp-content\/uploads\/2022\/05\/WhatsApp-Image-2022-05-23-at-08.53.30-300x169.jpeg 300w, https:\/\/www.fumssar.com.br\/wp-content\/uploads\/2022\/05\/WhatsApp-Image-2022-05-23-at-08.53.30-768x432.jpeg 768w, https:\/\/www.fumssar.com.br\/wp-content\/uploads\/2022\/05\/WhatsApp-Image-2022-05-23-at-08.53.30.jpeg 1152w\" sizes=\"(max-width: 1024px) 100vw, 1024px\" \/><\/figure>\n\n\n\n<p>O projeto de estar mais pr\u00f3ximo das comunidades e debater sobre os servi\u00e7os de sa\u00fade do munic\u00edpio, faz parte do Planejamento Estrat\u00e9gico da Funda\u00e7\u00e3o Municipal de Sa\u00fade de Santa Rosa. Periodicamente, os gestores da FUMSSAR v\u00e3o at\u00e9 os bairros para falar dos servi\u00e7os oferecidos e conversar com os moradores sobre as necessidades da regi\u00e3o. Os diretores da Funda\u00e7\u00e3o de Sa\u00fade estiveram reunidos com moradores e representantes da Vila Sete de Setembro.<\/p>\n\n\n\n<p>O encontro serviu para discutir as demandas de sa\u00fade da popula\u00e7\u00e3o. Participaram da reuni\u00e3o cerca de 100 moradores da localidade. O Presidente da Funda\u00e7\u00e3o de Sa\u00fade, D\u00e9lcio Stefan, destacou a import\u00e2ncia desses debates para a gest\u00e3o e para os usu\u00e1rios do SUS, \u201cFicamos muito contentes com a participa\u00e7\u00e3o efetiva dos moradores da Vila Sete de Setembro. Conseguimos trocar ideias e planejar melhorias na sa\u00fade para esta comunidade\u201d. Uma das principais pautas da reuni\u00e3o, foi a troca do profissional m\u00e9dico que atende na Unidade B\u00e1sica de Sa\u00fade pelo Programa Mais M\u00e9dicos. A substitui\u00e7\u00e3o vai ser realizada pelo Minist\u00e9rio da Sa\u00fade.<\/p>\n\n\n\n<p>A Diretora da Aten\u00e7\u00e3o Prim\u00e1ria, Fabiana Breitenbach, apresentou tamb\u00e9m para a comunidade, os dados de atendimentos realizados na UBS. A equipe da FUMSSAR tamb\u00e9m esteve presente nas escolas da rede municipal, com o Programa PSE \u2013 Sa\u00fade na Escola, levando informa\u00e7\u00f5es para os alunos sobre preven\u00e7\u00e3o e combate \u00e0 Dengue.<\/p>\n","protected":false},"excerpt":{"rendered":"<p>O projeto de estar mais pr\u00f3ximo das comunidades e debater sobre os servi\u00e7os de sa\u00fade&#8230;<\/p>\n","protected":false},"author":36,"featured_media":21120,"comment_status":"closed","ping_status":"closed","sticky":false,"template":"","format":"standard","meta":{"footnotes":""},"categories":[2],"tags":[],"_links":{"self":[{"href":"https:\/\/www.fumssar.com.br\/index.php?rest_route=\/wp\/v2\/posts\/21119"}],"collection":[{"href":"https:\/\/www.fumssar.com.br\/index.php?rest_route=\/wp\/v2\/posts"}],"about":[{"href":"https:\/\/www.fumssar.com.br\/index.php?rest_route=\/wp\/v2\/types\/post"}],"author":[{"embeddable":true,"href":"https:\/\/www.fumssar.com.br\/index.php?rest_route=\/wp\/v2\/users\/36"}],"replies":[{"embeddable":true,"href":"https:\/\/www.fumssar.com.br\/index.php?rest_route=%2Fwp%2Fv2%2Fcomments&post=21119"}],"version-history":[{"count":1,"href":"https:\/\/www.fumssar.com.br\/index.php?rest_route=\/wp\/v2\/posts\/21119\/revisions"}],"predecessor-version":[{"id":21121,"href":"https:\/\/www.fumssar.com.br\/index.php?rest_route=\/wp\/v2\/posts\/21119\/revisions\/21121"}],"wp:featuredmedia":[{"embeddable":true,"href":"https:\/\/www.fumssar.com.br\/index.php?rest_route=\/wp\/v2\/media\/21120"}],"wp:attachment":[{"href":"https:\/\/www.fumssar.com.br\/index.php?rest_route=%2Fwp%2Fv2%2Fmedia&parent=21119"}],"wp:term":[{"taxonomy":"category","embeddable":true,"href":"https:\/\/www.fumssar.com.br\/index.php?rest_route=%2Fwp%2Fv2%2Fcategories&post=21119"},{"taxonomy":"post_tag","embeddable":true,"href":"https:\/\/www.fumssar.com.br\/index.php?rest_route=%2Fwp%2Fv2%2Ftags&post=21119"}],"curies":[{"name":"wp","href":"https:\/\/api.w.org\/{rel}","templated":true}]}}