{"id":21092,"date":"2022-05-20T08:31:16","date_gmt":"2022-05-20T11:31:16","guid":{"rendered":"http:\/\/www.fumssar.com.br\/?p=21092"},"modified":"2024-10-07T16:33:17","modified_gmt":"2024-10-07T19:33:17","slug":"segunda-dose-de-reforco-comeca-a-ser-aplicada-para-idosos-a-partir-dos-60-anos","status":"publish","type":"post","link":"https:\/\/www.fumssar.com.br\/?p=21092","title":{"rendered":"Segunda Dose de Refor\u00e7o come\u00e7a a ser aplicada para idosos a partir dos 60 anos"},"content":{"rendered":"\n<figure class=\"wp-block-image\"><img loading=\"lazy\" decoding=\"async\" width=\"1024\" height=\"768\" src=\"https:\/\/www.fumssar.com.br\/wp-content\/uploads\/2022\/05\/WhatsApp-Image-2022-05-20-at-08.28.55-1024x768.jpeg\" alt=\"\" class=\"wp-image-21093\" srcset=\"https:\/\/www.fumssar.com.br\/wp-content\/uploads\/2022\/05\/WhatsApp-Image-2022-05-20-at-08.28.55-1024x768.jpeg 1024w, https:\/\/www.fumssar.com.br\/wp-content\/uploads\/2022\/05\/WhatsApp-Image-2022-05-20-at-08.28.55-300x225.jpeg 300w, https:\/\/www.fumssar.com.br\/wp-content\/uploads\/2022\/05\/WhatsApp-Image-2022-05-20-at-08.28.55-768x576.jpeg 768w, https:\/\/www.fumssar.com.br\/wp-content\/uploads\/2022\/05\/WhatsApp-Image-2022-05-20-at-08.28.55.jpeg 1280w\" sizes=\"(max-width: 1024px) 100vw, 1024px\" \/><\/figure>\n\n\n\n<p>A Funda\u00e7\u00e3o Municipal de Sa\u00fade de Santa Rosa informa que a partir desta sexta-feira (20), a segunda dose de Refor\u00e7o (DR2), passa a ser aplicada em idosos a partir dos 60 anos. A nova aplica\u00e7\u00e3o \u00e9 recomendada quatro meses ap\u00f3s a primeira dose de refor\u00e7o. Caso o idoso estiver com alguma outra dose em atraso, deve primeiro completar o esquema (prim\u00e1rio ou refor\u00e7o), dentro dos prazos estabelecidos.<\/p>\n\n\n\n<p>A quarta dose vai ser aplicada na Central de Vacinas. A vacina\u00e7\u00e3o contra a COVID-19 \u00e9 realizada no turno da tarde. O atendimento acontece das 13h30min \u00e0s 17h, de segunda a sexta-feira. Foram realizadas desde o in\u00edcio da pandemia, 154.292 vacinas. Do total, 65.350 foram de D1 (Primeira Dose), essa quantidade corresponde a 88% da popula\u00e7\u00e3o vacinada, 59.596 de D2 (Segunda Dose) e 2.274 de D.U (Dose \u00fanica). Com isso, 61.870 pessoas est\u00e3o com a imuniza\u00e7\u00e3o completa, 84% dos santa-rosenses. 26.117 aplica\u00e7\u00f5es s\u00e3o de D.R (Doses de Refor\u00e7o\/D3), ou seja, 42% das pessoas que j\u00e1 t\u00eam a segunda dose ou a dose \u00fanica realizaram o refor\u00e7o. Al\u00e9m disso, foram aplicadas tamb\u00e9m, 955 doses adicionais (DA\/D4 ou DR2).<\/p>\n","protected":false},"excerpt":{"rendered":"<p>A Funda\u00e7\u00e3o Municipal de Sa\u00fade de Santa Rosa informa que a partir desta sexta-feira (20),&#8230;<\/p>\n","protected":false},"author":36,"featured_media":21093,"comment_status":"closed","ping_status":"closed","sticky":false,"template":"","format":"standard","meta":{"footnotes":""},"categories":[152,2],"tags":[],"_links":{"self":[{"href":"https:\/\/www.fumssar.com.br\/index.php?rest_route=\/wp\/v2\/posts\/21092"}],"collection":[{"href":"https:\/\/www.fumssar.com.br\/index.php?rest_route=\/wp\/v2\/posts"}],"about":[{"href":"https:\/\/www.fumssar.com.br\/index.php?rest_route=\/wp\/v2\/types\/post"}],"author":[{"embeddable":true,"href":"https:\/\/www.fumssar.com.br\/index.php?rest_route=\/wp\/v2\/users\/36"}],"replies":[{"embeddable":true,"href":"https:\/\/www.fumssar.com.br\/index.php?rest_route=%2Fwp%2Fv2%2Fcomments&post=21092"}],"version-history":[{"count":1,"href":"https:\/\/www.fumssar.com.br\/index.php?rest_route=\/wp\/v2\/posts\/21092\/revisions"}],"predecessor-version":[{"id":21094,"href":"https:\/\/www.fumssar.com.br\/index.php?rest_route=\/wp\/v2\/posts\/21092\/revisions\/21094"}],"wp:featuredmedia":[{"embeddable":true,"href":"https:\/\/www.fumssar.com.br\/index.php?rest_route=\/wp\/v2\/media\/21093"}],"wp:attachment":[{"href":"https:\/\/www.fumssar.com.br\/index.php?rest_route=%2Fwp%2Fv2%2Fmedia&parent=21092"}],"wp:term":[{"taxonomy":"category","embeddable":true,"href":"https:\/\/www.fumssar.com.br\/index.php?rest_route=%2Fwp%2Fv2%2Fcategories&post=21092"},{"taxonomy":"post_tag","embeddable":true,"href":"https:\/\/www.fumssar.com.br\/index.php?rest_route=%2Fwp%2Fv2%2Ftags&post=21092"}],"curies":[{"name":"wp","href":"https:\/\/api.w.org\/{rel}","templated":true}]}}