{"id":2109,"date":"2014-07-24T20:34:38","date_gmt":"2014-07-24T20:34:38","guid":{"rendered":"http:\/\/www.fumssar.com.br\/?p=2109"},"modified":"2024-10-07T16:36:18","modified_gmt":"2024-10-07T19:36:18","slug":"grupo-terapeutico-da-agricola-confraterniza-com-almoco","status":"publish","type":"post","link":"https:\/\/www.fumssar.com.br\/?p=2109","title":{"rendered":"Grupo Terap\u00eautico da Agr\u00edcola confraterniza com almo\u00e7o"},"content":{"rendered":"<p><a href=\"http:\/\/www.fumssar.com.br\/wp-content\/uploads\/2014\/07\/agricola-1.jpg\"><img loading=\"lazy\" decoding=\"async\" class=\"alignnone size-medium wp-image-2113\" alt=\"agricola 1\" src=\"http:\/\/www.fumssar.com.br\/wp-content\/uploads\/2014\/07\/agricola-1-300x224.jpg\" width=\"300\" height=\"224\" srcset=\"https:\/\/www.fumssar.com.br\/wp-content\/uploads\/2014\/07\/agricola-1-300x224.jpg 300w, https:\/\/www.fumssar.com.br\/wp-content\/uploads\/2014\/07\/agricola-1.jpg 448w\" sizes=\"(max-width: 300px) 100vw, 300px\" \/><\/a><a href=\"http:\/\/www.fumssar.com.br\/wp-content\/uploads\/2014\/07\/agricola-2.jpg\"><img loading=\"lazy\" decoding=\"async\" class=\"alignnone size-medium wp-image-2114\" alt=\"agricola 2\" src=\"http:\/\/www.fumssar.com.br\/wp-content\/uploads\/2014\/07\/agricola-2-300x224.jpg\" width=\"300\" height=\"224\" srcset=\"https:\/\/www.fumssar.com.br\/wp-content\/uploads\/2014\/07\/agricola-2-300x224.jpg 300w, https:\/\/www.fumssar.com.br\/wp-content\/uploads\/2014\/07\/agricola-2.jpg 448w\" sizes=\"(max-width: 300px) 100vw, 300px\" \/><\/a>O Grupo Terap\u00eautico Bem Viver da unidade b\u00e1sica de sa\u00fade da Vila Agr\u00edcola realizou um almo\u00e7o em comemora\u00e7\u00e3o aos aniversariantes do primeiro semestre do ano. O grupo que tem cerca de trinta participantes j\u00e1 existe h\u00e1 algum tempo e realiza diversas atividades entre elas atividades f\u00edsicas com um profissional de educa\u00e7\u00e3o f\u00edsica e tamb\u00e9m de terapia ocupacional. Segundo os participantes existe um envolvimento m\u00fatuo entre\u00a0 eles como se fosse um ambiente familiar. O almo\u00e7o foi realizado na quinta-feira (24), na sede da sociedade Tiradentes do bairro Planalto. O Grupo tem a coordena\u00e7\u00e3o das agentes de sa\u00fade Ang\u00e9lica Ferraz,Francelina Mattos,Marcia Paim e Djane Agrinfo em conjunto com a terapeuta ocupacional\u00a0 Ligia Jungs.<\/p>\n<p>&nbsp;<\/p>\n","protected":false},"excerpt":{"rendered":"<p>O Grupo Terap\u00eautico Bem Viver da unidade b\u00e1sica de sa\u00fade da Vila Agr\u00edcola realizou um&#8230;<\/p>\n","protected":false},"author":11,"featured_media":2112,"comment_status":"open","ping_status":"open","sticky":false,"template":"","format":"standard","meta":{"footnotes":""},"categories":[2,1],"tags":[],"_links":{"self":[{"href":"https:\/\/www.fumssar.com.br\/index.php?rest_route=\/wp\/v2\/posts\/2109"}],"collection":[{"href":"https:\/\/www.fumssar.com.br\/index.php?rest_route=\/wp\/v2\/posts"}],"about":[{"href":"https:\/\/www.fumssar.com.br\/index.php?rest_route=\/wp\/v2\/types\/post"}],"author":[{"embeddable":true,"href":"https:\/\/www.fumssar.com.br\/index.php?rest_route=\/wp\/v2\/users\/11"}],"replies":[{"embeddable":true,"href":"https:\/\/www.fumssar.com.br\/index.php?rest_route=%2Fwp%2Fv2%2Fcomments&post=2109"}],"version-history":[{"count":2,"href":"https:\/\/www.fumssar.com.br\/index.php?rest_route=\/wp\/v2\/posts\/2109\/revisions"}],"predecessor-version":[{"id":2115,"href":"https:\/\/www.fumssar.com.br\/index.php?rest_route=\/wp\/v2\/posts\/2109\/revisions\/2115"}],"wp:featuredmedia":[{"embeddable":true,"href":"https:\/\/www.fumssar.com.br\/index.php?rest_route=\/wp\/v2\/media\/2112"}],"wp:attachment":[{"href":"https:\/\/www.fumssar.com.br\/index.php?rest_route=%2Fwp%2Fv2%2Fmedia&parent=2109"}],"wp:term":[{"taxonomy":"category","embeddable":true,"href":"https:\/\/www.fumssar.com.br\/index.php?rest_route=%2Fwp%2Fv2%2Fcategories&post=2109"},{"taxonomy":"post_tag","embeddable":true,"href":"https:\/\/www.fumssar.com.br\/index.php?rest_route=%2Fwp%2Fv2%2Ftags&post=2109"}],"curies":[{"name":"wp","href":"https:\/\/api.w.org\/{rel}","templated":true}]}}