{"id":21081,"date":"2022-05-18T16:14:38","date_gmt":"2022-05-18T19:14:38","guid":{"rendered":"http:\/\/www.fumssar.com.br\/?p=21081"},"modified":"2024-10-07T16:33:17","modified_gmt":"2024-10-07T19:33:17","slug":"teleatendimento-esta-em-fase-de-implementacao-em-santa-rosa","status":"publish","type":"post","link":"https:\/\/www.fumssar.com.br\/?p=21081","title":{"rendered":"Teleatendimento est\u00e1 em fase de implementa\u00e7\u00e3o em Santa Rosa"},"content":{"rendered":"\n<figure class=\"wp-block-image\"><img loading=\"lazy\" decoding=\"async\" width=\"1024\" height=\"768\" src=\"https:\/\/www.fumssar.com.br\/wp-content\/uploads\/2022\/05\/IMG-20220518-WA0007-1024x768.jpg\" alt=\"\" class=\"wp-image-21082\" srcset=\"https:\/\/www.fumssar.com.br\/wp-content\/uploads\/2022\/05\/IMG-20220518-WA0007-1024x768.jpg 1024w, https:\/\/www.fumssar.com.br\/wp-content\/uploads\/2022\/05\/IMG-20220518-WA0007-300x225.jpg 300w, https:\/\/www.fumssar.com.br\/wp-content\/uploads\/2022\/05\/IMG-20220518-WA0007-768x576.jpg 768w, https:\/\/www.fumssar.com.br\/wp-content\/uploads\/2022\/05\/IMG-20220518-WA0007.jpg 1156w\" sizes=\"(max-width: 1024px) 100vw, 1024px\" \/><\/figure>\n\n\n\n<p>A equipe diretiva da Funda\u00e7\u00e3o Municipal de Sa\u00fade de Santa Rosa participou esta semana, de uma reuni\u00e3o t\u00e9cnica sobre a implementa\u00e7\u00e3o do teleatendimento no munic\u00edpio. O encontro online aconteceu com a presen\u00e7a de profissionais do IPM, empresa respons\u00e1vel pelo sistema de inform\u00e1tica do SUS e da empresa Pardini, que presta o servi\u00e7o de telediagn\u00f3stico para a FUMSSAR. O novo servi\u00e7o \u00e9 mais uma op\u00e7\u00e3o para os pacientes do Sistema \u00danico de Sa\u00fade (SUS), e que vai proporcionar mais agilidade. <\/p>\n\n\n\n<p>O teleatendimento est\u00e1 em fase de contrata\u00e7\u00e3o e implementa\u00e7\u00e3o pela FUMSSAR. Com ele, os pacientes v\u00e3o poder realizar consultas m\u00e9dicas, de enfermagem e com multiprofissionais, de forma virtual, nos postos de sa\u00fade da Aten\u00e7\u00e3o Prim\u00e1ria. O Presidente da Funda\u00e7\u00e3o de Sa\u00fade de Santa Rosa, D\u00e9lcio Stefan, destacou a import\u00e2ncia dessa inova\u00e7\u00e3o para o munic\u00edpio, \u201cO teleatendimento vem para melhorar e facilitar a vida dos usu\u00e1rios do SUS. Com isso, os pacientes n\u00e3o v\u00e3o precisar se deslocar fisicamente para as Unidades B\u00e1sicas de Sa\u00fade. \u00c9 uma ferramenta fant\u00e1stica que nos permite ofertar mais servi\u00e7os de sa\u00fade para a popula\u00e7\u00e3o\u201d. O teleatendimento, al\u00e9m de dar agilidade para a presta\u00e7\u00e3o do servi\u00e7o de sa\u00fade, contribui tamb\u00e9m, para a redu\u00e7\u00e3o de custos.<\/p>\n","protected":false},"excerpt":{"rendered":"<p>A equipe diretiva da Funda\u00e7\u00e3o Municipal de Sa\u00fade de Santa Rosa participou esta semana, de&#8230;<\/p>\n","protected":false},"author":36,"featured_media":21082,"comment_status":"closed","ping_status":"closed","sticky":false,"template":"","format":"standard","meta":{"footnotes":""},"categories":[2],"tags":[],"_links":{"self":[{"href":"https:\/\/www.fumssar.com.br\/index.php?rest_route=\/wp\/v2\/posts\/21081"}],"collection":[{"href":"https:\/\/www.fumssar.com.br\/index.php?rest_route=\/wp\/v2\/posts"}],"about":[{"href":"https:\/\/www.fumssar.com.br\/index.php?rest_route=\/wp\/v2\/types\/post"}],"author":[{"embeddable":true,"href":"https:\/\/www.fumssar.com.br\/index.php?rest_route=\/wp\/v2\/users\/36"}],"replies":[{"embeddable":true,"href":"https:\/\/www.fumssar.com.br\/index.php?rest_route=%2Fwp%2Fv2%2Fcomments&post=21081"}],"version-history":[{"count":2,"href":"https:\/\/www.fumssar.com.br\/index.php?rest_route=\/wp\/v2\/posts\/21081\/revisions"}],"predecessor-version":[{"id":21084,"href":"https:\/\/www.fumssar.com.br\/index.php?rest_route=\/wp\/v2\/posts\/21081\/revisions\/21084"}],"wp:featuredmedia":[{"embeddable":true,"href":"https:\/\/www.fumssar.com.br\/index.php?rest_route=\/wp\/v2\/media\/21082"}],"wp:attachment":[{"href":"https:\/\/www.fumssar.com.br\/index.php?rest_route=%2Fwp%2Fv2%2Fmedia&parent=21081"}],"wp:term":[{"taxonomy":"category","embeddable":true,"href":"https:\/\/www.fumssar.com.br\/index.php?rest_route=%2Fwp%2Fv2%2Fcategories&post=21081"},{"taxonomy":"post_tag","embeddable":true,"href":"https:\/\/www.fumssar.com.br\/index.php?rest_route=%2Fwp%2Fv2%2Ftags&post=21081"}],"curies":[{"name":"wp","href":"https:\/\/api.w.org\/{rel}","templated":true}]}}