{"id":21069,"date":"2022-05-17T09:40:39","date_gmt":"2022-05-17T12:40:39","guid":{"rendered":"http:\/\/www.fumssar.com.br\/?p=21069"},"modified":"2024-10-07T16:33:17","modified_gmt":"2024-10-07T19:33:17","slug":"vacinacao-contra-a-gripe-e-ampliada-em-santa-rosa","status":"publish","type":"post","link":"https:\/\/www.fumssar.com.br\/?p=21069","title":{"rendered":"Vacina\u00e7\u00e3o contra a Gripe \u00e9 ampliada em Santa Rosa"},"content":{"rendered":"\n<figure class=\"wp-block-image\"><img loading=\"lazy\" decoding=\"async\" width=\"1024\" height=\"768\" src=\"https:\/\/www.fumssar.com.br\/wp-content\/uploads\/2022\/05\/IMG-20220516-WA0005-1024x768.jpg\" alt=\"\" class=\"wp-image-21070\" srcset=\"https:\/\/www.fumssar.com.br\/wp-content\/uploads\/2022\/05\/IMG-20220516-WA0005-1024x768.jpg 1024w, https:\/\/www.fumssar.com.br\/wp-content\/uploads\/2022\/05\/IMG-20220516-WA0005-300x225.jpg 300w, https:\/\/www.fumssar.com.br\/wp-content\/uploads\/2022\/05\/IMG-20220516-WA0005-768x576.jpg 768w, https:\/\/www.fumssar.com.br\/wp-content\/uploads\/2022\/05\/IMG-20220516-WA0005.jpg 1600w\" sizes=\"(max-width: 1024px) 100vw, 1024px\" \/><\/figure>\n\n\n\n<p>A Funda\u00e7\u00e3o Municipal de Sa\u00fade de Santa Rosa informa que a partir desta segunda-feira (16), foram ampliados os grupos priorit\u00e1rios da 24\u00aa Campanha Nacional de Vacina\u00e7\u00e3o contra o v\u00edrus Influenza (gripe). A amplia\u00e7\u00e3o contempla crian\u00e7as dos 05 aos 09 anos e adultos a partir dos 55 anos. A imuniza\u00e7\u00e3o pode ser realizada em todas as Unidades B\u00e1sicas de Sa\u00fade.<\/p>\n\n\n\n<p>Podem se vacinar: trabalhadores da sa\u00fade, crian\u00e7as de 06 meses at\u00e9 09 anos, gestantes e pu\u00e9rperas, povos ind\u00edgenas, trabalhadores da educa\u00e7\u00e3o, pessoas com defici\u00eancia permanente e comorbidades, caminhoneiros, trabalhadores de transporte coletivo rodovi\u00e1rio para passageiros urbanos e de longo curso, trabalhadores portu\u00e1rios, integrantes das For\u00e7as Armadas, de seguran\u00e7a e de salvamento, funcion\u00e1rios do sistema prisional, popula\u00e7\u00e3o privada de liberdade e adolescentes e jovens em medidas socioeducativas.<\/p>\n\n\n\n<p>A aplica\u00e7\u00e3o n\u00e3o precisa ser agendada previamente, o atendimento ocorre por ordem de chegada. A FUMSSAR informa tamb\u00e9m, que caso o cidad\u00e3o tenha positivado para COVID-19 nos \u00faltimos dias, deve aguardar a melhora do quadro cl\u00ednico para realizar a vacina\u00e7\u00e3o contra a gripe. O intervalo entre a aplica\u00e7\u00e3o da vacina da Influenza (Gripe) e da vacina contra a COVID-19, \u00e9 de 15 dias. Caso sejam observados sintomas respirat\u00f3rios leves e moderados, deve-se procurar a UBS de refer\u00eancia. Se houver algum sintoma grave, o mesmo deve dirigir-se \u00e0 Unidade de Pronto Atendimento (UPA). Todos que forem se vacinar, precisam levar documento com foto ou certid\u00e3o de nascimento e a caderneta de vacina\u00e7\u00e3o. A 24\u00aa Campanha Nacional de Vacina\u00e7\u00e3o contra o v\u00edrus Influenza (gripe) vai at\u00e9 o dia 03 de junho.<\/p>\n","protected":false},"excerpt":{"rendered":"<p>A Funda\u00e7\u00e3o Municipal de Sa\u00fade de Santa Rosa informa que a partir desta segunda-feira (16),&#8230;<\/p>\n","protected":false},"author":36,"featured_media":21070,"comment_status":"closed","ping_status":"closed","sticky":false,"template":"","format":"standard","meta":{"footnotes":""},"categories":[2],"tags":[],"_links":{"self":[{"href":"https:\/\/www.fumssar.com.br\/index.php?rest_route=\/wp\/v2\/posts\/21069"}],"collection":[{"href":"https:\/\/www.fumssar.com.br\/index.php?rest_route=\/wp\/v2\/posts"}],"about":[{"href":"https:\/\/www.fumssar.com.br\/index.php?rest_route=\/wp\/v2\/types\/post"}],"author":[{"embeddable":true,"href":"https:\/\/www.fumssar.com.br\/index.php?rest_route=\/wp\/v2\/users\/36"}],"replies":[{"embeddable":true,"href":"https:\/\/www.fumssar.com.br\/index.php?rest_route=%2Fwp%2Fv2%2Fcomments&post=21069"}],"version-history":[{"count":1,"href":"https:\/\/www.fumssar.com.br\/index.php?rest_route=\/wp\/v2\/posts\/21069\/revisions"}],"predecessor-version":[{"id":21071,"href":"https:\/\/www.fumssar.com.br\/index.php?rest_route=\/wp\/v2\/posts\/21069\/revisions\/21071"}],"wp:featuredmedia":[{"embeddable":true,"href":"https:\/\/www.fumssar.com.br\/index.php?rest_route=\/wp\/v2\/media\/21070"}],"wp:attachment":[{"href":"https:\/\/www.fumssar.com.br\/index.php?rest_route=%2Fwp%2Fv2%2Fmedia&parent=21069"}],"wp:term":[{"taxonomy":"category","embeddable":true,"href":"https:\/\/www.fumssar.com.br\/index.php?rest_route=%2Fwp%2Fv2%2Fcategories&post=21069"},{"taxonomy":"post_tag","embeddable":true,"href":"https:\/\/www.fumssar.com.br\/index.php?rest_route=%2Fwp%2Fv2%2Ftags&post=21069"}],"curies":[{"name":"wp","href":"https:\/\/api.w.org\/{rel}","templated":true}]}}