{"id":21065,"date":"2022-05-16T16:12:52","date_gmt":"2022-05-16T19:12:52","guid":{"rendered":"http:\/\/www.fumssar.com.br\/?p=21065"},"modified":"2024-10-07T16:33:17","modified_gmt":"2024-10-07T19:33:17","slug":"prefeitura-e-fumssar-realizam-integracao-de-novos-servidores","status":"publish","type":"post","link":"https:\/\/www.fumssar.com.br\/?p=21065","title":{"rendered":"Prefeitura e FUMSSAR realizam integra\u00e7\u00e3o de novos servidores"},"content":{"rendered":"\n<figure class=\"wp-block-image\"><img loading=\"lazy\" decoding=\"async\" width=\"1024\" height=\"768\" src=\"http:\/\/www.fumssar.com.br\/wp-content\/uploads\/2022\/05\/WhatsApp-Image-2022-05-16-at-15.35.18-1024x768.jpeg\" alt=\"\" class=\"wp-image-21066\" srcset=\"https:\/\/www.fumssar.com.br\/wp-content\/uploads\/2022\/05\/WhatsApp-Image-2022-05-16-at-15.35.18-1024x768.jpeg 1024w, https:\/\/www.fumssar.com.br\/wp-content\/uploads\/2022\/05\/WhatsApp-Image-2022-05-16-at-15.35.18-300x225.jpeg 300w, https:\/\/www.fumssar.com.br\/wp-content\/uploads\/2022\/05\/WhatsApp-Image-2022-05-16-at-15.35.18-768x576.jpeg 768w, https:\/\/www.fumssar.com.br\/wp-content\/uploads\/2022\/05\/WhatsApp-Image-2022-05-16-at-15.35.18.jpeg 1600w\" sizes=\"(max-width: 1024px) 100vw, 1024px\" \/><\/figure>\n\n\n\n<p>Dentro do Planejamento Estrat\u00e9gico do Governo est\u00e3o as a\u00e7\u00f5es de integra\u00e7\u00e3o dos profissionais. Desde o in\u00edcio dessa administra\u00e7\u00e3o, os novos servidores da Prefeitura e da Funda\u00e7\u00e3o passam por uma atividade diferenciada. O treinamento \u00e9 realizado para todos os ingressantes no servi\u00e7o p\u00fablico. Na integra\u00e7\u00e3o, o servidor tem a oportunidade de conhecer a estrutura e as diretrizes do setor no qual est\u00e1 sendo inserido.<\/p>\n\n\n\n<p>Na FUMSSAR, o Diretor de Gest\u00e3o Estrat\u00e9gica, Jos\u00e9 Fernando Borella, a Gerente de Aten\u00e7\u00e3o Prim\u00e1ria a Sa\u00fade, Lidiene Superti e a Chefe da Se\u00e7\u00e3o Pessoal, Adriana Peres Ulzafar organizaram a a\u00e7\u00e3o, \u201cEsse momento de integra\u00e7\u00e3o \u00e9 muito importante pois proporciona ao novo servidor conhecer a estrutura organizacional da FUMSSAR, bem como, os valores e miss\u00e3o. Tamb\u00e9m permite o trabalhador visualizar o seu papel dentro da institui\u00e7\u00e3o e a import\u00e2ncia dos servi\u00e7os prestados para a popula\u00e7\u00e3o\u201d, destacou Adriana.<\/p>\n\n\n\n<p>Na Prefeitura, a integra\u00e7\u00e3o reuniu cerca de 20 novos profissionais. O objetivo do projeto \u00e9 demonstrar aos novos servidores efetivos e em cargo de comiss\u00e3o, os conhecimentos necess\u00e1rios ao ingressar no servi\u00e7o p\u00fablico. O Vice-Prefeito Aldemir Ulrich, ressaltou a import\u00e2ncia da atividade, \u201cA integra\u00e7\u00e3o entre os novos servidores e as secretarias possibilita que todos possam caminhar na mesma dire\u00e7\u00e3o, o que fortalece todos os departamentos e nos possibilita prestar um servi\u00e7o cada vez mais qualificado para os cidad\u00e3os\u201d. A inten\u00e7\u00e3o \u00e9 acolher de forma mais receptiva os novos integrantes do servi\u00e7o p\u00fablico e oportunizar um primeiro contato com as a\u00e7\u00f5es do governo municipal.<\/p>\n","protected":false},"excerpt":{"rendered":"<p>Dentro do Planejamento Estrat\u00e9gico do Governo est\u00e3o as a\u00e7\u00f5es de integra\u00e7\u00e3o dos profissionais. Desde o&#8230;<\/p>\n","protected":false},"author":36,"featured_media":21066,"comment_status":"closed","ping_status":"closed","sticky":false,"template":"","format":"standard","meta":{"footnotes":""},"categories":[2],"tags":[],"_links":{"self":[{"href":"https:\/\/www.fumssar.com.br\/index.php?rest_route=\/wp\/v2\/posts\/21065"}],"collection":[{"href":"https:\/\/www.fumssar.com.br\/index.php?rest_route=\/wp\/v2\/posts"}],"about":[{"href":"https:\/\/www.fumssar.com.br\/index.php?rest_route=\/wp\/v2\/types\/post"}],"author":[{"embeddable":true,"href":"https:\/\/www.fumssar.com.br\/index.php?rest_route=\/wp\/v2\/users\/36"}],"replies":[{"embeddable":true,"href":"https:\/\/www.fumssar.com.br\/index.php?rest_route=%2Fwp%2Fv2%2Fcomments&post=21065"}],"version-history":[{"count":2,"href":"https:\/\/www.fumssar.com.br\/index.php?rest_route=\/wp\/v2\/posts\/21065\/revisions"}],"predecessor-version":[{"id":21068,"href":"https:\/\/www.fumssar.com.br\/index.php?rest_route=\/wp\/v2\/posts\/21065\/revisions\/21068"}],"wp:featuredmedia":[{"embeddable":true,"href":"https:\/\/www.fumssar.com.br\/index.php?rest_route=\/wp\/v2\/media\/21066"}],"wp:attachment":[{"href":"https:\/\/www.fumssar.com.br\/index.php?rest_route=%2Fwp%2Fv2%2Fmedia&parent=21065"}],"wp:term":[{"taxonomy":"category","embeddable":true,"href":"https:\/\/www.fumssar.com.br\/index.php?rest_route=%2Fwp%2Fv2%2Fcategories&post=21065"},{"taxonomy":"post_tag","embeddable":true,"href":"https:\/\/www.fumssar.com.br\/index.php?rest_route=%2Fwp%2Fv2%2Ftags&post=21065"}],"curies":[{"name":"wp","href":"https:\/\/api.w.org\/{rel}","templated":true}]}}