{"id":2101,"date":"2014-07-23T14:19:44","date_gmt":"2014-07-23T14:19:44","guid":{"rendered":"http:\/\/www.fumssar.com.br\/?p=2101"},"modified":"2024-10-07T16:36:18","modified_gmt":"2024-10-07T19:36:18","slug":"servico-de-fisioterapia-domiciliar-da-fumssar-tem-reconhecimento-dos-usuarios","status":"publish","type":"post","link":"https:\/\/www.fumssar.com.br\/?p=2101","title":{"rendered":"Servi\u00e7o de Fisioterapia domiciliar da FUMSSAR tem reconhecimento dos usu\u00e1rios"},"content":{"rendered":"<p>Implantado h\u00e1 alguns meses o servi\u00e7o de fisioterapia da Funda\u00e7\u00e3o Municipal de Sa\u00fade tem reconhecimento satisfat\u00f3rios pelos usu\u00e1rios. A Fisioterapeuta Viviane Le\u00e3o atende pacientes com dificuldades de locomo\u00e7\u00e3o ou usu\u00e1rios acamados no leito da fam\u00edlia. Segundo a profissional o trabalho domiciliar al\u00e9m proporcionar mais conforto ao paciente que n\u00e3o precisa deslocar-se em busca do atendimento, envolve os membros da fam\u00edlia na busca da recupera\u00e7\u00e3o. \u00c2ngela Kmiezki relata que tem acompanhado as sess\u00f5es de fisioterapia que sua m\u00e3e Doracilia Kmiezki de 82 anos recebe e que tem notado uma melhora no quadro da paciente. \u00c2ngela ressalta que a autoestima dela vem crescendo, e que al\u00e9m de aplicar as sess\u00f5es a profissional orienta os familiares para aplica\u00e7\u00e3o de massagens para a paciente. \u201cAcho que este servi\u00e7o \u00e9 de extrema import\u00e2ncia, tenho acompanhado o trabalho da Viviane e sua dedica\u00e7\u00e3o al\u00e9m das orienta\u00e7\u00f5es que elas nos passa\u201d afirmou \u00c2ngela. Outra manifesta\u00e7\u00e3o \u00e9 da paciente Vilma Molhiari 60 anos que destaca que tem notado melhoras em sua respira\u00e7\u00e3o e no quadro geral, ela destaca que tenta aplicar todos os exerc\u00edcios orientados pela profissional da FUMSSAR. \u201ceste trabalho representa algo muito bom para mim, j\u00e1 que n\u00e3o tenho como me deslocar\u201d destacou a paciente.<\/p>\n<p>&nbsp;<\/p>\n","protected":false},"excerpt":{"rendered":"<p>Implantado h\u00e1 alguns meses o servi\u00e7o de fisioterapia da Funda\u00e7\u00e3o Municipal de Sa\u00fade tem reconhecimento&#8230;<\/p>\n","protected":false},"author":11,"featured_media":2103,"comment_status":"open","ping_status":"open","sticky":false,"template":"","format":"standard","meta":{"footnotes":""},"categories":[2],"tags":[],"_links":{"self":[{"href":"https:\/\/www.fumssar.com.br\/index.php?rest_route=\/wp\/v2\/posts\/2101"}],"collection":[{"href":"https:\/\/www.fumssar.com.br\/index.php?rest_route=\/wp\/v2\/posts"}],"about":[{"href":"https:\/\/www.fumssar.com.br\/index.php?rest_route=\/wp\/v2\/types\/post"}],"author":[{"embeddable":true,"href":"https:\/\/www.fumssar.com.br\/index.php?rest_route=\/wp\/v2\/users\/11"}],"replies":[{"embeddable":true,"href":"https:\/\/www.fumssar.com.br\/index.php?rest_route=%2Fwp%2Fv2%2Fcomments&post=2101"}],"version-history":[{"count":2,"href":"https:\/\/www.fumssar.com.br\/index.php?rest_route=\/wp\/v2\/posts\/2101\/revisions"}],"predecessor-version":[{"id":2105,"href":"https:\/\/www.fumssar.com.br\/index.php?rest_route=\/wp\/v2\/posts\/2101\/revisions\/2105"}],"wp:featuredmedia":[{"embeddable":true,"href":"https:\/\/www.fumssar.com.br\/index.php?rest_route=\/wp\/v2\/media\/2103"}],"wp:attachment":[{"href":"https:\/\/www.fumssar.com.br\/index.php?rest_route=%2Fwp%2Fv2%2Fmedia&parent=2101"}],"wp:term":[{"taxonomy":"category","embeddable":true,"href":"https:\/\/www.fumssar.com.br\/index.php?rest_route=%2Fwp%2Fv2%2Fcategories&post=2101"},{"taxonomy":"post_tag","embeddable":true,"href":"https:\/\/www.fumssar.com.br\/index.php?rest_route=%2Fwp%2Fv2%2Ftags&post=2101"}],"curies":[{"name":"wp","href":"https:\/\/api.w.org\/{rel}","templated":true}]}}