{"id":20950,"date":"2022-05-02T17:07:40","date_gmt":"2022-05-02T20:07:40","guid":{"rendered":"http:\/\/www.fumssar.com.br\/?p=20950"},"modified":"2024-10-07T16:33:17","modified_gmt":"2024-10-07T19:33:17","slug":"informativo-2","status":"publish","type":"post","link":"https:\/\/www.fumssar.com.br\/?p=20950","title":{"rendered":"INFORMATIVO"},"content":{"rendered":"\n<figure class=\"wp-block-image\"><img loading=\"lazy\" decoding=\"async\" width=\"1000\" height=\"600\" src=\"https:\/\/www.fumssar.com.br\/wp-content\/uploads\/2022\/05\/IMG-20211028-WA0066.jpg\" alt=\"\" class=\"wp-image-20951\" srcset=\"https:\/\/www.fumssar.com.br\/wp-content\/uploads\/2022\/05\/IMG-20211028-WA0066.jpg 1000w, https:\/\/www.fumssar.com.br\/wp-content\/uploads\/2022\/05\/IMG-20211028-WA0066-300x180.jpg 300w, https:\/\/www.fumssar.com.br\/wp-content\/uploads\/2022\/05\/IMG-20211028-WA0066-768x461.jpg 768w\" sizes=\"(max-width: 1000px) 100vw, 1000px\" \/><\/figure>\n\n\n\n<p><em><strong>INFLUENZA<\/strong>:<\/em><br> <em>Novos grupos priorit\u00e1rios podem se vacinar contra a Gripe<\/em><\/p>\n\n\n\n<p>Iniciou nesta segunda-feira (02), a segunda fase da 24\u00aa Campanha Nacional de Vacina\u00e7\u00e3o contra o v\u00edrus Influenza (gripe). A imuniza\u00e7\u00e3o pode ser realizada em todas as Unidades B\u00e1sicas de Sa\u00fade.<\/p>\n\n\n\n<p>Podem se vacinar: gestantes e pu\u00e9rperas, povos ind\u00edgenas, trabalhadores da educa\u00e7\u00e3o, pessoas com defici\u00eancia permanente e comorbidades, caminhoneiros, trabalhadores de transporte coletivo rodovi\u00e1rio para passageiros urbanos e de longo curso, trabalhadores portu\u00e1rios, integrantes das For\u00e7as Armadas, de seguran\u00e7a e de salvamento, funcion\u00e1rios do sistema prisional, popula\u00e7\u00e3o privada de liberdade e adolescentes e jovens em medidas socioeducativas. Idosos a partir dos 60 anos, trabalhadores da sa\u00fade e crian\u00e7as de 6 meses a menores de 5 anos de idade (4 anos, 11 meses e 29 dias), que faziam parte do grupo priorit\u00e1rio da primeira fase, tamb\u00e9m podem realizar a vacina\u00e7\u00e3o.<\/p>\n\n\n\n<p>A aplica\u00e7\u00e3o n\u00e3o precisa ser agendada previamente, o atendimento ocorre por ordem de chegada. A 24\u00aa Campanha Nacional de Vacina\u00e7\u00e3o contra o v\u00edrus Influenza (gripe) vai at\u00e9 o dia 03 de junho. A FUMSSAR informa tamb\u00e9m, que caso o cidad\u00e3o tenha positivado para COVID-19 nos \u00faltimos dias, deve aguardar a melhora do quadro cl\u00ednico para realizar a vacina\u00e7\u00e3o contra a gripe. Todos que forem se vacinar, precisam levar documento com foto ou certid\u00e3o de nascimento e a caderneta de vacina\u00e7\u00e3o.<\/p>\n\n\n\n<p><em><strong>COVID-19<\/strong>:<\/em><br> <em>Mudan\u00e7a no hor\u00e1rio da Central de Vacinas \u2013 COVID-19<\/em><\/p>\n\n\n\n<p>A FUMSSAR informa que a partir da ter\u00e7a-feira (03), a vacina\u00e7\u00e3o contra a COVID-19 na Central de Vacinas vai acontecer somente no turno da tarde. O atendimento vai ser realizado das 13h30min \u00e0s 17h, de segunda a sexta-feira.<\/p>\n\n\n\n<p>A primeira dose est\u00e1 dispon\u00edvel a partir dos 05 anos. A segunda dose, (D2) de Coronavac \u00e9 realizada ap\u00f3s 28 dias da primeira dose. Astrazeneca e Pfizer, ap\u00f3s oito semanas da primeira aplica\u00e7\u00e3o. As doses de refor\u00e7o (DR\/D3) s\u00e3o realizadas para pessoas acima de 18 anos que fizeram a segunda dose h\u00e1 04 meses. No caso do imunizante da Janssen, a Dose de Refor\u00e7o \u00e9 realizada com um intervalo de 2 a 6 meses ap\u00f3s a primeira dose. Para realizar a imuniza\u00e7\u00e3o, \u00e9 necess\u00e1rio levar documento com foto, CPF ou Certid\u00e3o de Nascimento, cart\u00e3o SUS e a caderneta de vacina\u00e7\u00e3o. As crian\u00e7as e jovens, dos 05 aos 15 anos, precisam ir acompanhados dos pais ou respons\u00e1vel legal.<\/p>\n\n\n\n<p>A Central de Vacinas da FUMSSAR fica localizada na Rua Dr. Francisco Timm, 480 \u2013 centro, no subsolo (entrada pela lateral). Para realizar a imuniza\u00e7\u00e3o, n\u00e3o \u00e9 necess\u00e1rio realizar agendamento. O atendimento acontece por ordem de chegada.<\/p>\n\n\n\n<p><em><strong>DENGUE<\/strong>:<\/em><\/p>\n\n\n\n<p>No per\u00edodo epidemiol\u00f3gico registrado do in\u00edcio do ano, at\u00e9 esta segunda-feira (02), Santa Rosa teve 1.751 notifica\u00e7\u00f5es do v\u00edrus, sendo 522 casos confirmados e 1.200 em investiga\u00e7\u00e3o. Das confirma\u00e7\u00f5es, 518 casos s\u00e3o aut\u00f3ctones (casos que as pessoas contra\u00edram o v\u00edrus em Santa Rosa) e 04 importados (contra\u00eddos fora do munic\u00edpio).<\/p>\n\n\n\n<p>A FUMSSAR orienta a popula\u00e7\u00e3o para que fa\u00e7a uso do repelente e refor\u00e7a que caso sejam observados sintomas da doen\u00e7a, o cidad\u00e3o deve manter a hidrata\u00e7\u00e3o e procurar a Unidade B\u00e1sica de Sa\u00fade de refer\u00eancia. Se houver algum sintoma grave, o mesmo deve dirigir-se \u00e0 Unidade de Pronto Atendimento (UPA).<\/p>\n","protected":false},"excerpt":{"rendered":"<p>INFLUENZA: Novos grupos priorit\u00e1rios podem se vacinar contra a Gripe Iniciou nesta segunda-feira (02), a&#8230;<\/p>\n","protected":false},"author":36,"featured_media":20951,"comment_status":"closed","ping_status":"closed","sticky":false,"template":"","format":"standard","meta":{"footnotes":""},"categories":[152,2],"tags":[],"_links":{"self":[{"href":"https:\/\/www.fumssar.com.br\/index.php?rest_route=\/wp\/v2\/posts\/20950"}],"collection":[{"href":"https:\/\/www.fumssar.com.br\/index.php?rest_route=\/wp\/v2\/posts"}],"about":[{"href":"https:\/\/www.fumssar.com.br\/index.php?rest_route=\/wp\/v2\/types\/post"}],"author":[{"embeddable":true,"href":"https:\/\/www.fumssar.com.br\/index.php?rest_route=\/wp\/v2\/users\/36"}],"replies":[{"embeddable":true,"href":"https:\/\/www.fumssar.com.br\/index.php?rest_route=%2Fwp%2Fv2%2Fcomments&post=20950"}],"version-history":[{"count":1,"href":"https:\/\/www.fumssar.com.br\/index.php?rest_route=\/wp\/v2\/posts\/20950\/revisions"}],"predecessor-version":[{"id":20952,"href":"https:\/\/www.fumssar.com.br\/index.php?rest_route=\/wp\/v2\/posts\/20950\/revisions\/20952"}],"wp:featuredmedia":[{"embeddable":true,"href":"https:\/\/www.fumssar.com.br\/index.php?rest_route=\/wp\/v2\/media\/20951"}],"wp:attachment":[{"href":"https:\/\/www.fumssar.com.br\/index.php?rest_route=%2Fwp%2Fv2%2Fmedia&parent=20950"}],"wp:term":[{"taxonomy":"category","embeddable":true,"href":"https:\/\/www.fumssar.com.br\/index.php?rest_route=%2Fwp%2Fv2%2Fcategories&post=20950"},{"taxonomy":"post_tag","embeddable":true,"href":"https:\/\/www.fumssar.com.br\/index.php?rest_route=%2Fwp%2Fv2%2Ftags&post=20950"}],"curies":[{"name":"wp","href":"https:\/\/api.w.org\/{rel}","templated":true}]}}