{"id":20944,"date":"2022-04-29T18:12:25","date_gmt":"2022-04-29T21:12:25","guid":{"rendered":"http:\/\/www.fumssar.com.br\/?p=20944"},"modified":"2024-10-07T16:33:17","modified_gmt":"2024-10-07T19:33:17","slug":"dia-d-de-vacinacao-contra-a-gripe-e-sarampo","status":"publish","type":"post","link":"https:\/\/www.fumssar.com.br\/?p=20944","title":{"rendered":"Dia D de Vacina\u00e7\u00e3o contra a gripe e sarampo"},"content":{"rendered":"\n<figure class=\"wp-block-image\"><img loading=\"lazy\" decoding=\"async\" width=\"1024\" height=\"1024\" src=\"https:\/\/www.fumssar.com.br\/wp-content\/uploads\/2022\/04\/IMG-20220428-WA0010-1024x1024.jpg\" alt=\"\" class=\"wp-image-20945\" srcset=\"https:\/\/www.fumssar.com.br\/wp-content\/uploads\/2022\/04\/IMG-20220428-WA0010-1024x1024.jpg 1024w, https:\/\/www.fumssar.com.br\/wp-content\/uploads\/2022\/04\/IMG-20220428-WA0010-150x150.jpg 150w, https:\/\/www.fumssar.com.br\/wp-content\/uploads\/2022\/04\/IMG-20220428-WA0010-300x300.jpg 300w, https:\/\/www.fumssar.com.br\/wp-content\/uploads\/2022\/04\/IMG-20220428-WA0010-768x768.jpg 768w, https:\/\/www.fumssar.com.br\/wp-content\/uploads\/2022\/04\/IMG-20220428-WA0010.jpg 1080w\" sizes=\"(max-width: 1024px) 100vw, 1024px\" \/><\/figure>\n\n\n\n<p>A Funda\u00e7\u00e3o Municipal de Sa\u00fade de Santa Rosa informa que neste s\u00e1bado (30), vai acontecer o dia D de vacina\u00e7\u00e3o contra o v\u00edrus Influenza (gripe) e contra o Sarampo. O mutir\u00e3o vai ser realizado em todas as Unidades B\u00e1sicas de Sa\u00fade, das 08h \u00e0s 14h. A aplica\u00e7\u00e3o n\u00e3o precisa ser agendada previamente, o atendimento vai ocorrer por ordem de chegada. Podem se vacinar: idosos a partir dos 60 anos, trabalhadores da sa\u00fade e crian\u00e7as de 6 meses a menores de 5 anos de idade (4 anos, 11 meses e 29 dias), acompanhadas dos pais ou respons\u00e1veis.<\/p>\n\n\n\n<p>O mutir\u00e3o de vacina\u00e7\u00e3o contra a gripe, tamb\u00e9m vai ser realizado no s\u00e1bado (30) e domingo (01), no estande da FUMSSAR, durante a Fenasoja 2022. Os visitantes da feira que pertencem aos grupos priorit\u00e1rios citados acima v\u00e3o poder realizar a imuniza\u00e7\u00e3o, das 10h \u00e0s 16h. O Presidente da FUMSSAR, D\u00e9lcio Stefan, destaca a import\u00e2ncia da vacina\u00e7\u00e3o, \u201cO objetivo da vacina\u00e7\u00e3o \u00e9 reduzir a circula\u00e7\u00e3o do v\u00edrus da gripe e, consequentemente, o n\u00famero de hospitaliza\u00e7\u00f5es e agravos da doen\u00e7a\u201d. A FUMSSAR informa tamb\u00e9m, que caso o cidad\u00e3o tenha positivado para COVID-19 nos \u00faltimos dias, deve aguardar a melhora do quadro cl\u00ednico para realizar a vacina\u00e7\u00e3o contra a gripe. Todos que forem se vacinar, precisam levar documento com foto ou certid\u00e3o de nascimento e a caderneta de vacina\u00e7\u00e3o.<\/p>\n\n\n\n<p>A 24\u00aa Campanha Nacional de Vacina\u00e7\u00e3o foi dividida em 02 etapas. A segunda fase vai acontecer entre 02 de maio at\u00e9 03 de junho e contemplar\u00e1 os seguintes grupos priorit\u00e1rios: gestantes e pu\u00e9rperas, povos ind\u00edgenas, trabalhadores da educa\u00e7\u00e3o, pessoas com defici\u00eancia permanente e comorbidades, caminhoneiros, trabalhadores de transporte coletivo rodovi\u00e1rio para passageiros urbanos e de longo curso, trabalhadores portu\u00e1rios, integrantes das For\u00e7as Armadas, de seguran\u00e7a e de salvamento, funcion\u00e1rios do sistema prisional, popula\u00e7\u00e3o privada de liberdade e adolescentes e jovens em medidas socioeducativas.<\/p>\n","protected":false},"excerpt":{"rendered":"<p>A Funda\u00e7\u00e3o Municipal de Sa\u00fade de Santa Rosa informa que neste s\u00e1bado (30), vai acontecer&#8230;<\/p>\n","protected":false},"author":36,"featured_media":20945,"comment_status":"closed","ping_status":"closed","sticky":false,"template":"","format":"standard","meta":{"footnotes":""},"categories":[2],"tags":[],"_links":{"self":[{"href":"https:\/\/www.fumssar.com.br\/index.php?rest_route=\/wp\/v2\/posts\/20944"}],"collection":[{"href":"https:\/\/www.fumssar.com.br\/index.php?rest_route=\/wp\/v2\/posts"}],"about":[{"href":"https:\/\/www.fumssar.com.br\/index.php?rest_route=\/wp\/v2\/types\/post"}],"author":[{"embeddable":true,"href":"https:\/\/www.fumssar.com.br\/index.php?rest_route=\/wp\/v2\/users\/36"}],"replies":[{"embeddable":true,"href":"https:\/\/www.fumssar.com.br\/index.php?rest_route=%2Fwp%2Fv2%2Fcomments&post=20944"}],"version-history":[{"count":1,"href":"https:\/\/www.fumssar.com.br\/index.php?rest_route=\/wp\/v2\/posts\/20944\/revisions"}],"predecessor-version":[{"id":20946,"href":"https:\/\/www.fumssar.com.br\/index.php?rest_route=\/wp\/v2\/posts\/20944\/revisions\/20946"}],"wp:featuredmedia":[{"embeddable":true,"href":"https:\/\/www.fumssar.com.br\/index.php?rest_route=\/wp\/v2\/media\/20945"}],"wp:attachment":[{"href":"https:\/\/www.fumssar.com.br\/index.php?rest_route=%2Fwp%2Fv2%2Fmedia&parent=20944"}],"wp:term":[{"taxonomy":"category","embeddable":true,"href":"https:\/\/www.fumssar.com.br\/index.php?rest_route=%2Fwp%2Fv2%2Fcategories&post=20944"},{"taxonomy":"post_tag","embeddable":true,"href":"https:\/\/www.fumssar.com.br\/index.php?rest_route=%2Fwp%2Fv2%2Ftags&post=20944"}],"curies":[{"name":"wp","href":"https:\/\/api.w.org\/{rel}","templated":true}]}}