{"id":20907,"date":"2022-04-25T09:30:56","date_gmt":"2022-04-25T12:30:56","guid":{"rendered":"http:\/\/www.fumssar.com.br\/?p=20907"},"modified":"2024-10-07T16:33:17","modified_gmt":"2024-10-07T19:33:17","slug":"inicia-nesta-segunda-feira-a-vacinacao-contra-a-gripe-para-criancas","status":"publish","type":"post","link":"https:\/\/www.fumssar.com.br\/?p=20907","title":{"rendered":"Inicia nesta segunda-feira a vacina\u00e7\u00e3o contra a Gripe para crian\u00e7as"},"content":{"rendered":"\n<figure class=\"wp-block-image\"><img loading=\"lazy\" decoding=\"async\" width=\"1024\" height=\"1024\" src=\"https:\/\/www.fumssar.com.br\/wp-content\/uploads\/2022\/04\/WhatsApp-Image-2022-04-25-at-08.07.25-1024x1024.jpeg\" alt=\"\" class=\"wp-image-20908\" srcset=\"https:\/\/www.fumssar.com.br\/wp-content\/uploads\/2022\/04\/WhatsApp-Image-2022-04-25-at-08.07.25-1024x1024.jpeg 1024w, https:\/\/www.fumssar.com.br\/wp-content\/uploads\/2022\/04\/WhatsApp-Image-2022-04-25-at-08.07.25-150x150.jpeg 150w, https:\/\/www.fumssar.com.br\/wp-content\/uploads\/2022\/04\/WhatsApp-Image-2022-04-25-at-08.07.25-300x300.jpeg 300w, https:\/\/www.fumssar.com.br\/wp-content\/uploads\/2022\/04\/WhatsApp-Image-2022-04-25-at-08.07.25-768x768.jpeg 768w, https:\/\/www.fumssar.com.br\/wp-content\/uploads\/2022\/04\/WhatsApp-Image-2022-04-25-at-08.07.25.jpeg 1080w\" sizes=\"(max-width: 1024px) 100vw, 1024px\" \/><\/figure>\n\n\n\n<p>A Funda\u00e7\u00e3o Municipal de Sa\u00fade de Santa Rosa informa que a partir desta segunda-feira (25), inicia a vacina\u00e7\u00e3o contra o v\u00edrus Influenza (gripe), para crian\u00e7as de 6 meses a menores de 5 anos de idade (4 anos, 11 meses e 29 dias). As crian\u00e7as fazem parte dos grupos priorit\u00e1rios da 24\u00aa Campanha Nacional de Vacina\u00e7\u00e3o. A aplica\u00e7\u00e3o das doses vai ser realizada nas Unidades B\u00e1sicas de Sa\u00fade.<br><br>A campanha foi dividida em 02 etapas. Nesta primeira fase, j\u00e1 podem realizar a imuniza\u00e7\u00e3o, idosos com mais de 60 anos, trabalhadores da sa\u00fade e agora as crian\u00e7as. Todos que forem se vacinar, precisam levar documento com foto ou certid\u00e3o de nascimento e a caderneta de vacina\u00e7\u00e3o. As crian\u00e7as devem ir acompanhadas dos pais ou respons\u00e1veis. O Presidente da FUMSSAR, D\u00e9lcio Stefan, destaca a import\u00e2ncia da vacina\u00e7\u00e3o, \u201cO objetivo da vacina\u00e7\u00e3o \u00e9 reduzir a circula\u00e7\u00e3o do v\u00edrus da gripe e, consequentemente, o n\u00famero de hospitaliza\u00e7\u00f5es e agravos da doen\u00e7a, tendo em vista, que o Influenza est\u00e1 relacionado a uma s\u00e9rie de complica\u00e7\u00f5es como, pneumonia, doen\u00e7as card\u00edacas, entre outras. A FUMSSAR informa tamb\u00e9m, que caso o cidad\u00e3o tenha positivado para COVID-19 nos \u00faltimos dias, deve aguardar a melhora do quadro cl\u00ednico para realizar a imuniza\u00e7\u00e3o contra a gripe.<br><br>A segunda fase da campanha vai ocorrer entre 02 de maio at\u00e9 03 de junho e contempla os seguintes grupos priorit\u00e1rios: gestantes e pu\u00e9rperas, povos ind\u00edgenas, trabalhadores da educa\u00e7\u00e3o, pessoas com defici\u00eancia permanente e comorbidades, caminhoneiros, trabalhadores de transporte coletivo rodovi\u00e1rio para passageiros urbanos e de longo curso, trabalhadores portu\u00e1rios, integrantes das For\u00e7as Armadas, de seguran\u00e7a e de salvamento, funcion\u00e1rios do sistema prisional, popula\u00e7\u00e3o privada de liberdade e adolescentes e jovens em medidas socioeducativas.<\/p>\n","protected":false},"excerpt":{"rendered":"<p>A Funda\u00e7\u00e3o Municipal de Sa\u00fade de Santa Rosa informa que a partir desta segunda-feira (25),&#8230;<\/p>\n","protected":false},"author":36,"featured_media":20908,"comment_status":"closed","ping_status":"closed","sticky":false,"template":"","format":"standard","meta":{"footnotes":""},"categories":[2],"tags":[],"_links":{"self":[{"href":"https:\/\/www.fumssar.com.br\/index.php?rest_route=\/wp\/v2\/posts\/20907"}],"collection":[{"href":"https:\/\/www.fumssar.com.br\/index.php?rest_route=\/wp\/v2\/posts"}],"about":[{"href":"https:\/\/www.fumssar.com.br\/index.php?rest_route=\/wp\/v2\/types\/post"}],"author":[{"embeddable":true,"href":"https:\/\/www.fumssar.com.br\/index.php?rest_route=\/wp\/v2\/users\/36"}],"replies":[{"embeddable":true,"href":"https:\/\/www.fumssar.com.br\/index.php?rest_route=%2Fwp%2Fv2%2Fcomments&post=20907"}],"version-history":[{"count":1,"href":"https:\/\/www.fumssar.com.br\/index.php?rest_route=\/wp\/v2\/posts\/20907\/revisions"}],"predecessor-version":[{"id":20909,"href":"https:\/\/www.fumssar.com.br\/index.php?rest_route=\/wp\/v2\/posts\/20907\/revisions\/20909"}],"wp:featuredmedia":[{"embeddable":true,"href":"https:\/\/www.fumssar.com.br\/index.php?rest_route=\/wp\/v2\/media\/20908"}],"wp:attachment":[{"href":"https:\/\/www.fumssar.com.br\/index.php?rest_route=%2Fwp%2Fv2%2Fmedia&parent=20907"}],"wp:term":[{"taxonomy":"category","embeddable":true,"href":"https:\/\/www.fumssar.com.br\/index.php?rest_route=%2Fwp%2Fv2%2Fcategories&post=20907"},{"taxonomy":"post_tag","embeddable":true,"href":"https:\/\/www.fumssar.com.br\/index.php?rest_route=%2Fwp%2Fv2%2Ftags&post=20907"}],"curies":[{"name":"wp","href":"https:\/\/api.w.org\/{rel}","templated":true}]}}