{"id":2086,"date":"2014-07-21T20:18:09","date_gmt":"2014-07-21T20:18:09","guid":{"rendered":"http:\/\/www.fumssar.com.br\/?p=2086"},"modified":"2024-10-07T16:36:18","modified_gmt":"2024-10-07T19:36:18","slug":"cerest-foi-apresentado-em-candido-godoy","status":"publish","type":"post","link":"https:\/\/www.fumssar.com.br\/?p=2086","title":{"rendered":"CEREST foi apresentado em C\u00e2ndido Godoi"},"content":{"rendered":"<p>Em um evento realizado pela secretaria de sa\u00fade do munic\u00edpio de C\u00e2ndido Godoi alusivo ao Dia do Nacional do Homem na ter\u00e7a-feira (15), profissionais, a enfermeira Janete Zagula, a t\u00e9cnica de enfermagem Grasiele Morgenstern e a fisioterapeuta Viviane Le\u00e3o do Centro Regional de Refer\u00eancia em Sa\u00fade do Trabalhador-CEREST, de Santa Rosa, realizaram uma palestra onde foi apresentado o trabalho feito pelo centro na regi\u00e3o. Na oportunidade tamb\u00e9m foi proferida uma palestra pela engenheira agr\u00f4noma\u00a0 e professora\u00a0 Cinei Riffel\u00a0 sobre a utiliza\u00e7\u00e3o e\u00a0 manuseio de\u00a0 agrot\u00f3xicos Os organizadores contabilizaram um p\u00fablico estimado em cerca de 800 pessoas sendo que a maioria eram trabalhadores rurais, no vento que teve como sede o Sal\u00e3o Paroquial da Comunidade. O secret\u00e1rio de sa\u00fade do munic\u00edpio Jaime Welter destacou a import\u00e2ncia dos temas abordados uma vez que ser\u00e3o de muita utilidade para os presentes no evento, ele destacou ainda o trabalho desenvolvido pelo CEREST e que ir\u00e1 convidar a equipe para outros eventos.<\/p>\n<p><span style=\"text-decoration: underline\">\u00a0<a href=\"http:\/\/www.fumssar.com.br\/wp-content\/uploads\/2014\/07\/cerest-3.jpg\"><img loading=\"lazy\" decoding=\"async\" class=\"alignnone size-medium wp-image-2088\" alt=\"cerest 3\" src=\"http:\/\/www.fumssar.com.br\/wp-content\/uploads\/2014\/07\/cerest-3-300x214.jpg\" width=\"300\" height=\"214\" srcset=\"https:\/\/www.fumssar.com.br\/wp-content\/uploads\/2014\/07\/cerest-3-300x214.jpg 300w, https:\/\/www.fumssar.com.br\/wp-content\/uploads\/2014\/07\/cerest-3.jpg 640w\" sizes=\"(max-width: 300px) 100vw, 300px\" \/><\/a><a href=\"http:\/\/www.fumssar.com.br\/wp-content\/uploads\/2014\/07\/cerest.jpg\"><img loading=\"lazy\" decoding=\"async\" class=\"alignnone size-medium wp-image-2089\" alt=\"cerest\" src=\"http:\/\/www.fumssar.com.br\/wp-content\/uploads\/2014\/07\/cerest-300x225.jpg\" width=\"300\" height=\"225\" srcset=\"https:\/\/www.fumssar.com.br\/wp-content\/uploads\/2014\/07\/cerest-300x225.jpg 300w, https:\/\/www.fumssar.com.br\/wp-content\/uploads\/2014\/07\/cerest.jpg 640w\" sizes=\"(max-width: 300px) 100vw, 300px\" \/><\/a><\/span><\/p>\n","protected":false},"excerpt":{"rendered":"<p>Em um evento realizado pela secretaria de sa\u00fade do munic\u00edpio de C\u00e2ndido Godoi alusivo ao&#8230;<\/p>\n","protected":false},"author":11,"featured_media":2087,"comment_status":"open","ping_status":"open","sticky":false,"template":"","format":"standard","meta":{"footnotes":""},"categories":[2],"tags":[],"_links":{"self":[{"href":"https:\/\/www.fumssar.com.br\/index.php?rest_route=\/wp\/v2\/posts\/2086"}],"collection":[{"href":"https:\/\/www.fumssar.com.br\/index.php?rest_route=\/wp\/v2\/posts"}],"about":[{"href":"https:\/\/www.fumssar.com.br\/index.php?rest_route=\/wp\/v2\/types\/post"}],"author":[{"embeddable":true,"href":"https:\/\/www.fumssar.com.br\/index.php?rest_route=\/wp\/v2\/users\/11"}],"replies":[{"embeddable":true,"href":"https:\/\/www.fumssar.com.br\/index.php?rest_route=%2Fwp%2Fv2%2Fcomments&post=2086"}],"version-history":[{"count":3,"href":"https:\/\/www.fumssar.com.br\/index.php?rest_route=\/wp\/v2\/posts\/2086\/revisions"}],"predecessor-version":[{"id":2091,"href":"https:\/\/www.fumssar.com.br\/index.php?rest_route=\/wp\/v2\/posts\/2086\/revisions\/2091"}],"wp:featuredmedia":[{"embeddable":true,"href":"https:\/\/www.fumssar.com.br\/index.php?rest_route=\/wp\/v2\/media\/2087"}],"wp:attachment":[{"href":"https:\/\/www.fumssar.com.br\/index.php?rest_route=%2Fwp%2Fv2%2Fmedia&parent=2086"}],"wp:term":[{"taxonomy":"category","embeddable":true,"href":"https:\/\/www.fumssar.com.br\/index.php?rest_route=%2Fwp%2Fv2%2Fcategories&post=2086"},{"taxonomy":"post_tag","embeddable":true,"href":"https:\/\/www.fumssar.com.br\/index.php?rest_route=%2Fwp%2Fv2%2Ftags&post=2086"}],"curies":[{"name":"wp","href":"https:\/\/api.w.org\/{rel}","templated":true}]}}