{"id":20852,"date":"2022-04-20T16:56:58","date_gmt":"2022-04-20T19:56:58","guid":{"rendered":"http:\/\/www.fumssar.com.br\/?p=20852"},"modified":"2024-10-07T16:33:17","modified_gmt":"2024-10-07T19:33:17","slug":"mes-de-conscientizacao-do-autismo-e-celebrado-no-cer-ii","status":"publish","type":"post","link":"https:\/\/www.fumssar.com.br\/?p=20852","title":{"rendered":"M\u00eas de Conscientiza\u00e7\u00e3o do Autismo \u00e9 celebrado no CER II"},"content":{"rendered":"\n<figure class=\"wp-block-image\"><img loading=\"lazy\" decoding=\"async\" width=\"1024\" height=\"768\" src=\"https:\/\/www.fumssar.com.br\/wp-content\/uploads\/2022\/04\/WhatsApp-Image-2022-04-20-at-16.16.30-1024x768.jpeg\" alt=\"\" class=\"wp-image-20853\" srcset=\"https:\/\/www.fumssar.com.br\/wp-content\/uploads\/2022\/04\/WhatsApp-Image-2022-04-20-at-16.16.30-1024x768.jpeg 1024w, https:\/\/www.fumssar.com.br\/wp-content\/uploads\/2022\/04\/WhatsApp-Image-2022-04-20-at-16.16.30-300x225.jpeg 300w, https:\/\/www.fumssar.com.br\/wp-content\/uploads\/2022\/04\/WhatsApp-Image-2022-04-20-at-16.16.30-768x576.jpeg 768w, https:\/\/www.fumssar.com.br\/wp-content\/uploads\/2022\/04\/WhatsApp-Image-2022-04-20-at-16.16.30.jpeg 1156w\" sizes=\"(max-width: 1024px) 100vw, 1024px\" \/><\/figure>\n\n\n\n<p>Os profissionais do Centro Especializado em Reabilita\u00e7\u00e3o Auditiva e Intelectual \u2013 CER II organizaram na tarde desta quarta-feira (20), um evento em comemora\u00e7\u00e3o ao Abril Azul \u2013 M\u00eas de Conscientiza\u00e7\u00e3o do Autismo. A atividade contou com a participa\u00e7\u00e3o de crian\u00e7as autistas que s\u00e3o atendidas pela Funda\u00e7\u00e3o de Sa\u00fade de Santa Rosa, no CER. A a\u00e7\u00e3o teve brinquedos ao ar livre, jogos e atividades l\u00fadicas. Os participantes tamb\u00e9m receberam um lanche e puderam tirar d\u00favidas com a equipe multiprofissional. Tamb\u00e9m foi celebrado o Dia Mundial de Conscientiza\u00e7\u00e3o do Autismo, que ocorreu no dia 02 de abril. <br><br>Neste ano, o tema da Campanha Nacional de Conscientiza\u00e7\u00e3o do Autismo \u00e9: \u201cLugar de autista \u00e9 em todo lugar!\u201d. Pensando nesse foco, a equipe do CER convidou as crian\u00e7as com Transtorno do Espectro Autista (TEA) de Santa Rosa, para desfrutar de uma tarde divertida. O Presidente da FUMSSAR, D\u00e9lcio Stefan, destacou a import\u00e2ncia do evento para as crian\u00e7as e os familiares, \u201c\u00c9 muito bom ver as crian\u00e7as com TEA sorrindo, interagindo e se divertindo nesta tarde que foi preparada com tanto carinho para elas. Precisamos ir al\u00e9m do diagn\u00f3stico e tratamento e proporcionar momentos de descontra\u00e7\u00e3o como este\u201d. O evento tamb\u00e9m proporcionou aos familiares orienta\u00e7\u00f5es quanto \u00e0 CIPTEA &#8211; Carteira de Identifica\u00e7\u00e3o da Pessoa com Transtorno do Espectro Autista.<br><br>Atualmente 23 crian\u00e7as com o diagn\u00f3stico de autismo est\u00e3o sendo atendidas pelo servi\u00e7o e outras 22 possuem a suspeita de TEA e est\u00e3o em avalia\u00e7\u00e3o e processo de diagn\u00f3stico. As condi\u00e7\u00f5es de vida de crian\u00e7as com TEA podem ser melhoradas com o tratamento adequado e personalizado. Dessa forma, \u00e9 poss\u00edvel minimizar os sintomas, ampliar a independ\u00eancia da crian\u00e7a e melhorar a qualidade de vida.<\/p>\n\n\n\n<ul class=\"wp-block-gallery columns-3 is-cropped wp-block-gallery-1 is-layout-flex wp-block-gallery-is-layout-flex\"><li class=\"blocks-gallery-item\"><figure><img loading=\"lazy\" decoding=\"async\" width=\"1024\" height=\"768\" src=\"https:\/\/www.fumssar.com.br\/wp-content\/uploads\/2022\/04\/WhatsApp-Image-2022-04-20-at-16.17.21-1024x768.jpeg\" alt=\"\" data-id=\"20854\" data-link=\"https:\/\/www.fumssar.com.br\/?attachment_id=20854\" class=\"wp-image-20854\" srcset=\"https:\/\/www.fumssar.com.br\/wp-content\/uploads\/2022\/04\/WhatsApp-Image-2022-04-20-at-16.17.21-1024x768.jpeg 1024w, https:\/\/www.fumssar.com.br\/wp-content\/uploads\/2022\/04\/WhatsApp-Image-2022-04-20-at-16.17.21-300x225.jpeg 300w, https:\/\/www.fumssar.com.br\/wp-content\/uploads\/2022\/04\/WhatsApp-Image-2022-04-20-at-16.17.21-768x576.jpeg 768w, https:\/\/www.fumssar.com.br\/wp-content\/uploads\/2022\/04\/WhatsApp-Image-2022-04-20-at-16.17.21.jpeg 1156w\" sizes=\"(max-width: 1024px) 100vw, 1024px\" \/><\/figure><\/li><li class=\"blocks-gallery-item\"><figure><img loading=\"lazy\" decoding=\"async\" width=\"1024\" height=\"768\" src=\"https:\/\/www.fumssar.com.br\/wp-content\/uploads\/2022\/04\/WhatsApp-Image-2022-04-20-at-16.17.28-1024x768.jpeg\" alt=\"\" data-id=\"20855\" data-link=\"https:\/\/www.fumssar.com.br\/?attachment_id=20855\" class=\"wp-image-20855\" srcset=\"https:\/\/www.fumssar.com.br\/wp-content\/uploads\/2022\/04\/WhatsApp-Image-2022-04-20-at-16.17.28-1024x768.jpeg 1024w, https:\/\/www.fumssar.com.br\/wp-content\/uploads\/2022\/04\/WhatsApp-Image-2022-04-20-at-16.17.28-300x225.jpeg 300w, https:\/\/www.fumssar.com.br\/wp-content\/uploads\/2022\/04\/WhatsApp-Image-2022-04-20-at-16.17.28-768x576.jpeg 768w, https:\/\/www.fumssar.com.br\/wp-content\/uploads\/2022\/04\/WhatsApp-Image-2022-04-20-at-16.17.28.jpeg 1156w\" sizes=\"(max-width: 1024px) 100vw, 1024px\" \/><\/figure><\/li><li class=\"blocks-gallery-item\"><figure><img loading=\"lazy\" decoding=\"async\" width=\"1024\" height=\"768\" src=\"https:\/\/www.fumssar.com.br\/wp-content\/uploads\/2022\/04\/WhatsApp-Image-2022-04-20-at-16.17.32-1024x768.jpeg\" alt=\"\" data-id=\"20856\" data-link=\"https:\/\/www.fumssar.com.br\/?attachment_id=20856\" class=\"wp-image-20856\" srcset=\"https:\/\/www.fumssar.com.br\/wp-content\/uploads\/2022\/04\/WhatsApp-Image-2022-04-20-at-16.17.32-1024x768.jpeg 1024w, https:\/\/www.fumssar.com.br\/wp-content\/uploads\/2022\/04\/WhatsApp-Image-2022-04-20-at-16.17.32-300x225.jpeg 300w, https:\/\/www.fumssar.com.br\/wp-content\/uploads\/2022\/04\/WhatsApp-Image-2022-04-20-at-16.17.32-768x576.jpeg 768w, https:\/\/www.fumssar.com.br\/wp-content\/uploads\/2022\/04\/WhatsApp-Image-2022-04-20-at-16.17.32.jpeg 1156w\" sizes=\"(max-width: 1024px) 100vw, 1024px\" \/><\/figure><\/li><\/ul>\n","protected":false},"excerpt":{"rendered":"<p>Os profissionais do Centro Especializado em Reabilita\u00e7\u00e3o Auditiva e Intelectual \u2013 CER II organizaram na&#8230;<\/p>\n","protected":false},"author":36,"featured_media":20853,"comment_status":"closed","ping_status":"closed","sticky":false,"template":"","format":"standard","meta":{"footnotes":""},"categories":[2],"tags":[],"_links":{"self":[{"href":"https:\/\/www.fumssar.com.br\/index.php?rest_route=\/wp\/v2\/posts\/20852"}],"collection":[{"href":"https:\/\/www.fumssar.com.br\/index.php?rest_route=\/wp\/v2\/posts"}],"about":[{"href":"https:\/\/www.fumssar.com.br\/index.php?rest_route=\/wp\/v2\/types\/post"}],"author":[{"embeddable":true,"href":"https:\/\/www.fumssar.com.br\/index.php?rest_route=\/wp\/v2\/users\/36"}],"replies":[{"embeddable":true,"href":"https:\/\/www.fumssar.com.br\/index.php?rest_route=%2Fwp%2Fv2%2Fcomments&post=20852"}],"version-history":[{"count":1,"href":"https:\/\/www.fumssar.com.br\/index.php?rest_route=\/wp\/v2\/posts\/20852\/revisions"}],"predecessor-version":[{"id":20857,"href":"https:\/\/www.fumssar.com.br\/index.php?rest_route=\/wp\/v2\/posts\/20852\/revisions\/20857"}],"wp:featuredmedia":[{"embeddable":true,"href":"https:\/\/www.fumssar.com.br\/index.php?rest_route=\/wp\/v2\/media\/20853"}],"wp:attachment":[{"href":"https:\/\/www.fumssar.com.br\/index.php?rest_route=%2Fwp%2Fv2%2Fmedia&parent=20852"}],"wp:term":[{"taxonomy":"category","embeddable":true,"href":"https:\/\/www.fumssar.com.br\/index.php?rest_route=%2Fwp%2Fv2%2Fcategories&post=20852"},{"taxonomy":"post_tag","embeddable":true,"href":"https:\/\/www.fumssar.com.br\/index.php?rest_route=%2Fwp%2Fv2%2Ftags&post=20852"}],"curies":[{"name":"wp","href":"https:\/\/api.w.org\/{rel}","templated":true}]}}