{"id":20849,"date":"2022-04-19T16:34:25","date_gmt":"2022-04-19T19:34:25","guid":{"rendered":"http:\/\/www.fumssar.com.br\/?p=20849"},"modified":"2024-10-07T16:33:17","modified_gmt":"2024-10-07T19:33:17","slug":"aplicadas-mais-de-150-mil-doses-contra-a-covid-19","status":"publish","type":"post","link":"https:\/\/www.fumssar.com.br\/?p=20849","title":{"rendered":"Aplicadas mais de 150 mil doses contra a COVID-19"},"content":{"rendered":"\n<figure class=\"wp-block-image\"><img loading=\"lazy\" decoding=\"async\" width=\"1024\" height=\"768\" src=\"http:\/\/www.fumssar.com.br\/wp-content\/uploads\/2022\/04\/WhatsApp-Image-2022-04-19-at-16.19.22-1024x768.jpeg\" alt=\"\" class=\"wp-image-20850\" srcset=\"https:\/\/www.fumssar.com.br\/wp-content\/uploads\/2022\/04\/WhatsApp-Image-2022-04-19-at-16.19.22-1024x768.jpeg 1024w, https:\/\/www.fumssar.com.br\/wp-content\/uploads\/2022\/04\/WhatsApp-Image-2022-04-19-at-16.19.22-300x225.jpeg 300w, https:\/\/www.fumssar.com.br\/wp-content\/uploads\/2022\/04\/WhatsApp-Image-2022-04-19-at-16.19.22-768x576.jpeg 768w, https:\/\/www.fumssar.com.br\/wp-content\/uploads\/2022\/04\/WhatsApp-Image-2022-04-19-at-16.19.22.jpeg 1280w\" sizes=\"(max-width: 1024px) 100vw, 1024px\" \/><\/figure>\n\n\n\n<p>A Funda\u00e7\u00e3o Municipal de Sa\u00fade de Santa Rosa concentrou a vacina\u00e7\u00e3o contra a COVID-19, desde segunda-feira (18), na Central de Vacinas. Foram realizadas desde o in\u00edcio da pandemia, 153.156 vacinas. Do total, 65.283 foram de D1 (Primeira Dose), essa quantidade corresponde a 88% da popula\u00e7\u00e3o vacinada, 59.271 de D2 (Segunda Dose) e 2.270 de D.U (Dose \u00fanica). Com isso, 61.541 pessoas est\u00e3o com a imuniza\u00e7\u00e3o completa, 83% dos santa-rosenses, sendo 25.685 s\u00e3o de D.R (Doses de Refor\u00e7o\/D3), ou seja, 41% das pessoas que j\u00e1 t\u00eam a segunda dose ou a dose \u00fanica realizaram o refor\u00e7o. Al\u00e9m disso, foram aplicadas tamb\u00e9m, 647 doses adicionais (DA\/D4).<\/p>\n\n\n\n<p>A primeira dose est\u00e1 dispon\u00edvel a partir dos 05 anos. As segundas doses, (D2) de Coronavac s\u00e3o realizadas ap\u00f3s 28 dias da primeira dose. Astrazeneca e Pfizer, ap\u00f3s oito semanas da primeira aplica\u00e7\u00e3o. As doses de refor\u00e7o (DR\/D3) s\u00e3o realizadas para pessoas acima de 18 anos que fizeram a segunda dose h\u00e1 04 meses. No caso do imunizante da Janssen, a Dose de Refor\u00e7o \u00e9 realizada com um intervalo de 2 a 6 meses ap\u00f3s a primeira dose. Para realizar a imuniza\u00e7\u00e3o, \u00e9 necess\u00e1rio levar documento com foto, CPF ou Certid\u00e3o de Nascimento, cart\u00e3o SUS e a caderneta de vacina\u00e7\u00e3o. As crian\u00e7as e jovens, dos 05 aos 15 anos, precisam ir acompanhados dos pais ou respons\u00e1vel legal. <\/p>\n\n\n\n<p>A Central de Vacinas da FUMSSAR fica localizada na Rua Dr. Francisco Timm, 480 &#8211; centro, no subsolo (entrada pela lateral). O hor\u00e1rio de atendimento \u00e9 das 08h \u00e0s 11h e das 13h30min \u00e0s 17h. A FUMSSAR informa tamb\u00e9m, que a partir desta semana, n\u00e3o haver\u00e1 mais o hor\u00e1rio estendido nas quartas-feiras. Para realizar a imuniza\u00e7\u00e3o, n\u00e3o \u00e9 necess\u00e1rio realizar agendamento. O atendimento acontece por ordem de chegada.<\/p>\n","protected":false},"excerpt":{"rendered":"<p>A Funda\u00e7\u00e3o Municipal de Sa\u00fade de Santa Rosa concentrou a vacina\u00e7\u00e3o contra a COVID-19, desde&#8230;<\/p>\n","protected":false},"author":36,"featured_media":20850,"comment_status":"closed","ping_status":"closed","sticky":false,"template":"","format":"standard","meta":{"footnotes":""},"categories":[152,2],"tags":[],"_links":{"self":[{"href":"https:\/\/www.fumssar.com.br\/index.php?rest_route=\/wp\/v2\/posts\/20849"}],"collection":[{"href":"https:\/\/www.fumssar.com.br\/index.php?rest_route=\/wp\/v2\/posts"}],"about":[{"href":"https:\/\/www.fumssar.com.br\/index.php?rest_route=\/wp\/v2\/types\/post"}],"author":[{"embeddable":true,"href":"https:\/\/www.fumssar.com.br\/index.php?rest_route=\/wp\/v2\/users\/36"}],"replies":[{"embeddable":true,"href":"https:\/\/www.fumssar.com.br\/index.php?rest_route=%2Fwp%2Fv2%2Fcomments&post=20849"}],"version-history":[{"count":1,"href":"https:\/\/www.fumssar.com.br\/index.php?rest_route=\/wp\/v2\/posts\/20849\/revisions"}],"predecessor-version":[{"id":20851,"href":"https:\/\/www.fumssar.com.br\/index.php?rest_route=\/wp\/v2\/posts\/20849\/revisions\/20851"}],"wp:featuredmedia":[{"embeddable":true,"href":"https:\/\/www.fumssar.com.br\/index.php?rest_route=\/wp\/v2\/media\/20850"}],"wp:attachment":[{"href":"https:\/\/www.fumssar.com.br\/index.php?rest_route=%2Fwp%2Fv2%2Fmedia&parent=20849"}],"wp:term":[{"taxonomy":"category","embeddable":true,"href":"https:\/\/www.fumssar.com.br\/index.php?rest_route=%2Fwp%2Fv2%2Fcategories&post=20849"},{"taxonomy":"post_tag","embeddable":true,"href":"https:\/\/www.fumssar.com.br\/index.php?rest_route=%2Fwp%2Fv2%2Ftags&post=20849"}],"curies":[{"name":"wp","href":"https:\/\/api.w.org\/{rel}","templated":true}]}}