{"id":20825,"date":"2022-04-14T17:01:37","date_gmt":"2022-04-14T20:01:37","guid":{"rendered":"http:\/\/www.fumssar.com.br\/?p=20825"},"modified":"2024-10-07T16:33:18","modified_gmt":"2024-10-07T19:33:18","slug":"equipes-da-vigilancia-ambiental-realizam-mutirao-contra-a-dengue","status":"publish","type":"post","link":"https:\/\/www.fumssar.com.br\/?p=20825","title":{"rendered":"Equipes da Vigil\u00e2ncia Ambiental realizam mutir\u00e3o contra a Dengue"},"content":{"rendered":"\n<figure class=\"wp-block-image\"><img loading=\"lazy\" decoding=\"async\" width=\"1024\" height=\"768\" src=\"https:\/\/www.fumssar.com.br\/wp-content\/uploads\/2022\/04\/IMG-20220217-WA00231-1024x768.jpg\" alt=\"\" class=\"wp-image-20826\" srcset=\"https:\/\/www.fumssar.com.br\/wp-content\/uploads\/2022\/04\/IMG-20220217-WA00231-1024x768.jpg 1024w, https:\/\/www.fumssar.com.br\/wp-content\/uploads\/2022\/04\/IMG-20220217-WA00231-300x225.jpg 300w, https:\/\/www.fumssar.com.br\/wp-content\/uploads\/2022\/04\/IMG-20220217-WA00231-768x576.jpg 768w, https:\/\/www.fumssar.com.br\/wp-content\/uploads\/2022\/04\/IMG-20220217-WA00231.jpg 1280w\" sizes=\"(max-width: 1024px) 100vw, 1024px\" \/><\/figure>\n\n\n\n<p>A FUMSSAR, por meio de equipes da Vigil\u00e2ncia Ambiental est\u00e1 realizando nesta quarta (13), e quinta-feira (14), um mutir\u00e3o contra a Dengue. A a\u00e7\u00e3o contempla o recolhimento de lixo e objetos na localidade da Beatriz\/Oliveira. Est\u00e3o sendo recolhidos objetos que os moradores n\u00e3o utilizam mais e que podem acumular \u00e1gua parada. Os materiais v\u00e3o ser descartados de forma apropriada. <\/p>\n\n\n\n<p>No per\u00edodo epidemiol\u00f3gico registrado do in\u00edcio do ano, at\u00e9 hoje, Santa Rosa teve 1.026 notifica\u00e7\u00f5es do v\u00edrus, sendo 146 casos confirmados e 862 em investiga\u00e7\u00e3o. Das confirma\u00e7\u00f5es, 143 s\u00e3o aut\u00f3ctones (casos que as pessoas contra\u00edram o v\u00edrus em Santa Rosa) e 03 importados (contra\u00eddos fora do munic\u00edpio). O Presidente da Funda\u00e7\u00e3o de Sa\u00fade, D\u00e9lcio Stefan, refor\u00e7a que a FUMSSAR segue alertando a popula\u00e7\u00e3o e fazendo a\u00e7\u00f5es de combate \u00e0 doen\u00e7a, \u201cEstamos realizando a\u00e7\u00f5es de preven\u00e7\u00e3o nas escolas, nos supermercados e nas salas de espera das Unidades B\u00e1sicas de Sa\u00fade, buscando conscientizar a popula\u00e7\u00e3o para que fa\u00e7am sua parte e nos auxilie na elimina\u00e7\u00e3o dos criadouros do mosquito\u201d.<\/p>\n\n\n\n<p>A dengue pode se manifestar de forma leve, moderada, ou grave, que \u00e9 o caso da dengue hemorr\u00e1gica. O per\u00edodo de incuba\u00e7\u00e3o, ou seja, o tempo que demora desde a picada do mosquito infectado at\u00e9 o aparecimento dos primeiros sintomas da doen\u00e7a, \u00e9 de, em m\u00e9dia, 05 a 06 dias, conforme o Minist\u00e9rio da Sa\u00fade.  Nos adultos, a primeira manifesta\u00e7\u00e3o dos sintomas da Dengue, \u00e9 a febre alta, (39\u00baC a 40\u00baC), de in\u00edcio repentino, que pode estar associada a dor de cabe\u00e7a, prostra\u00e7\u00e3o, dores musculares, nas juntas e atr\u00e1s dos olhos, vermelhid\u00e3o no corpo (exantema) e coceira. A FUMSSAR orienta a popula\u00e7\u00e3o para que fa\u00e7a uso do repelente e refor\u00e7a que caso sejam observados sintomas da doen\u00e7a, o cidad\u00e3o deve manter a hidrata\u00e7\u00e3o e procurar a Unidade B\u00e1sica de Sa\u00fade de refer\u00eancia. Se houver algum sintoma grave, o mesmo deve dirigir-se \u00e0 Unidade de Pronto Atendimento (UPA).<\/p>\n","protected":false},"excerpt":{"rendered":"<p>A FUMSSAR, por meio de equipes da Vigil\u00e2ncia Ambiental est\u00e1 realizando nesta quarta (13), e&#8230;<\/p>\n","protected":false},"author":36,"featured_media":20826,"comment_status":"closed","ping_status":"closed","sticky":false,"template":"","format":"standard","meta":{"footnotes":""},"categories":[2],"tags":[],"_links":{"self":[{"href":"https:\/\/www.fumssar.com.br\/index.php?rest_route=\/wp\/v2\/posts\/20825"}],"collection":[{"href":"https:\/\/www.fumssar.com.br\/index.php?rest_route=\/wp\/v2\/posts"}],"about":[{"href":"https:\/\/www.fumssar.com.br\/index.php?rest_route=\/wp\/v2\/types\/post"}],"author":[{"embeddable":true,"href":"https:\/\/www.fumssar.com.br\/index.php?rest_route=\/wp\/v2\/users\/36"}],"replies":[{"embeddable":true,"href":"https:\/\/www.fumssar.com.br\/index.php?rest_route=%2Fwp%2Fv2%2Fcomments&post=20825"}],"version-history":[{"count":1,"href":"https:\/\/www.fumssar.com.br\/index.php?rest_route=\/wp\/v2\/posts\/20825\/revisions"}],"predecessor-version":[{"id":20827,"href":"https:\/\/www.fumssar.com.br\/index.php?rest_route=\/wp\/v2\/posts\/20825\/revisions\/20827"}],"wp:featuredmedia":[{"embeddable":true,"href":"https:\/\/www.fumssar.com.br\/index.php?rest_route=\/wp\/v2\/media\/20826"}],"wp:attachment":[{"href":"https:\/\/www.fumssar.com.br\/index.php?rest_route=%2Fwp%2Fv2%2Fmedia&parent=20825"}],"wp:term":[{"taxonomy":"category","embeddable":true,"href":"https:\/\/www.fumssar.com.br\/index.php?rest_route=%2Fwp%2Fv2%2Fcategories&post=20825"},{"taxonomy":"post_tag","embeddable":true,"href":"https:\/\/www.fumssar.com.br\/index.php?rest_route=%2Fwp%2Fv2%2Ftags&post=20825"}],"curies":[{"name":"wp","href":"https:\/\/api.w.org\/{rel}","templated":true}]}}