{"id":20787,"date":"2022-04-08T13:59:48","date_gmt":"2022-04-08T16:59:48","guid":{"rendered":"http:\/\/www.fumssar.com.br\/?p=20787"},"modified":"2024-10-07T16:33:18","modified_gmt":"2024-10-07T19:33:18","slug":"profissionais-da-fumssar-realizam-acoes-de-prevencao-e-combate-a-dengue","status":"publish","type":"post","link":"https:\/\/www.fumssar.com.br\/?p=20787","title":{"rendered":"Profissionais da FUMSSAR realizam a\u00e7\u00f5es de preven\u00e7\u00e3o e combate \u00e0 Dengue"},"content":{"rendered":"\n<figure class=\"wp-block-image\"><img loading=\"lazy\" decoding=\"async\" width=\"1024\" height=\"768\" src=\"https:\/\/www.fumssar.com.br\/wp-content\/uploads\/2022\/04\/WhatsApp-Image-2022-04-08-at-13.53.22-1024x768.jpeg\" alt=\"\" class=\"wp-image-20789\" srcset=\"https:\/\/www.fumssar.com.br\/wp-content\/uploads\/2022\/04\/WhatsApp-Image-2022-04-08-at-13.53.22-1024x768.jpeg 1024w, https:\/\/www.fumssar.com.br\/wp-content\/uploads\/2022\/04\/WhatsApp-Image-2022-04-08-at-13.53.22-300x225.jpeg 300w, https:\/\/www.fumssar.com.br\/wp-content\/uploads\/2022\/04\/WhatsApp-Image-2022-04-08-at-13.53.22-768x576.jpeg 768w, https:\/\/www.fumssar.com.br\/wp-content\/uploads\/2022\/04\/WhatsApp-Image-2022-04-08-at-13.53.22.jpeg 1280w\" sizes=\"(max-width: 1024px) 100vw, 1024px\" \/><\/figure>\n\n\n\n<p>A\nFunda\u00e7\u00e3o Municipal de Sa\u00fade de Santa Rosa divulgou na manh\u00e3 desta sexta-feira\n(08), o boletim atualizado de casos de Dengue no munic\u00edpio. No per\u00edodo\nepidemiol\u00f3gico registrado do in\u00edcio do ano, at\u00e9 hoje, Santa Rosa teve 856\nnotifica\u00e7\u00f5es do v\u00edrus, sendo 55 casos confirmados e 783 em investiga\u00e7\u00e3o. Das\nconfirma\u00e7\u00f5es, 53 casos s\u00e3o aut\u00f3ctones (casos que as pessoas contra\u00edram o v\u00edrus\nem Santa Rosa) e 02 importados (contra\u00eddos fora do munic\u00edpio). A FUMSSAR segue\nrealizando a\u00e7\u00f5es de combate \u00e0 doen\u00e7a. As confirma\u00e7\u00f5es de Dengue s\u00e3o realizadas\npor amostras de sangue enviadas para o LACEN &#8211; Laborat\u00f3rio Central de Sa\u00fade\nP\u00fablica do Estado do Rio Grande do Sul.<\/p>\n\n\n\n<p>Na pr\u00f3xima semana, equipes da Vigil\u00e2ncia Ambiental v\u00e3o realizar um mutir\u00e3o de recolhimento de lixo e objetos na localidade da Beatriz\/Oliveira. A FUMSSAR solicita a colabora\u00e7\u00e3o dos moradores desta regi\u00e3o, para que coloquem na frente das casas, entre segunda e ter\u00e7a-feira, objetos que n\u00e3o utilizam mais e que podem acumular \u00e1gua parada, tais como: pneus, baldes velhos, potes, entre outros. Os materiais v\u00e3o ser recolhidos e descartados de forma apropriada. Segundo o Presidente da Funda\u00e7\u00e3o de Sa\u00fade, D\u00e9lcio Stefan, esta \u00e9 uma a\u00e7\u00e3o muito importante e que vai auxiliar na diminui\u00e7\u00e3o dos casos da doen\u00e7a, \u201cAssim como feito em anos anteriores, vimos que os mutir\u00f5es d\u00e3o resultado e auxiliam a frear a dissemina\u00e7\u00e3o do v\u00edrus, tendo em vista, que muitos desses objetos parados nas casas podem acumular \u00e1gua parada e favorecer o aparecimento de larvas do mosquito. Para isso, mais uma vez contamos com a ajuda e colabora\u00e7\u00e3o da popula\u00e7\u00e3o\u201d.<\/p>\n\n\n\n<p>A\nDengue pode se manifestar de forma leve, moderada, ou grave, que \u00e9 o caso da\nDengue Hemorr\u00e1gica. O per\u00edodo de incuba\u00e7\u00e3o, ou seja, o tempo que demora desde a\npicada do mosquito infectado at\u00e9 o aparecimento dos primeiros sintomas da\ndoen\u00e7a, \u00e9 de, em m\u00e9dia, 05 a 06 dias, conforme o Minist\u00e9rio da Sa\u00fade. Nos\nadultos, a primeira manifesta\u00e7\u00e3o dos sintomas da Dengue, \u00e9 a febre alta, (39\u00baC\na 40\u00baC), de in\u00edcio repentino, associada a dor de cabe\u00e7a, prostra\u00e7\u00e3o, dores\nmusculares, nas juntas e atr\u00e1s dos olhos, vermelhid\u00e3o no corpo (exantema) e\ncoceira. <\/p>\n\n\n\n<p>Para\ndiminuir os casos da doen\u00e7a, algumas medidas s\u00e3o essenciais, como: eliminar os\ncriadouros do mosquito Aedes Aegypti, ou seja: n\u00e3o deixar \u00e1gua parada, cobrir\nas caixas d\u2019\u00e1gua, manter o lixo fechado, cuidar de piscinas e ralos dentro de\ncasa, limpar as calhas e telhados, utilizar areia nos vasos de plantas e sempre\ndeixar garrafas e outros recipientes de cabe\u00e7a para baixo. A Funda\u00e7\u00e3o de Sa\u00fade\norienta a popula\u00e7\u00e3o para que fa\u00e7a uso do repelente e refor\u00e7a que caso sejam\nobservados sintomas da doen\u00e7a, o cidad\u00e3o deve manter a hidrata\u00e7\u00e3o e procurar a\nUnidade B\u00e1sica de Sa\u00fade de refer\u00eancia. Se houver algum sintoma grave, o mesmo deve\ndirigir-se \u00e0 Unidade de Pronto Atendimento (UPA).<\/p>\n","protected":false},"excerpt":{"rendered":"<p>A Funda\u00e7\u00e3o Municipal de Sa\u00fade de Santa Rosa divulgou na manh\u00e3 desta sexta-feira (08), o&#8230;<\/p>\n","protected":false},"author":36,"featured_media":20789,"comment_status":"closed","ping_status":"closed","sticky":false,"template":"","format":"standard","meta":{"footnotes":""},"categories":[2],"tags":[],"_links":{"self":[{"href":"https:\/\/www.fumssar.com.br\/index.php?rest_route=\/wp\/v2\/posts\/20787"}],"collection":[{"href":"https:\/\/www.fumssar.com.br\/index.php?rest_route=\/wp\/v2\/posts"}],"about":[{"href":"https:\/\/www.fumssar.com.br\/index.php?rest_route=\/wp\/v2\/types\/post"}],"author":[{"embeddable":true,"href":"https:\/\/www.fumssar.com.br\/index.php?rest_route=\/wp\/v2\/users\/36"}],"replies":[{"embeddable":true,"href":"https:\/\/www.fumssar.com.br\/index.php?rest_route=%2Fwp%2Fv2%2Fcomments&post=20787"}],"version-history":[{"count":1,"href":"https:\/\/www.fumssar.com.br\/index.php?rest_route=\/wp\/v2\/posts\/20787\/revisions"}],"predecessor-version":[{"id":20790,"href":"https:\/\/www.fumssar.com.br\/index.php?rest_route=\/wp\/v2\/posts\/20787\/revisions\/20790"}],"wp:featuredmedia":[{"embeddable":true,"href":"https:\/\/www.fumssar.com.br\/index.php?rest_route=\/wp\/v2\/media\/20789"}],"wp:attachment":[{"href":"https:\/\/www.fumssar.com.br\/index.php?rest_route=%2Fwp%2Fv2%2Fmedia&parent=20787"}],"wp:term":[{"taxonomy":"category","embeddable":true,"href":"https:\/\/www.fumssar.com.br\/index.php?rest_route=%2Fwp%2Fv2%2Fcategories&post=20787"},{"taxonomy":"post_tag","embeddable":true,"href":"https:\/\/www.fumssar.com.br\/index.php?rest_route=%2Fwp%2Fv2%2Ftags&post=20787"}],"curies":[{"name":"wp","href":"https:\/\/api.w.org\/{rel}","templated":true}]}}