{"id":20766,"date":"2022-04-02T09:15:54","date_gmt":"2022-04-02T12:15:54","guid":{"rendered":"http:\/\/www.fumssar.com.br\/?p=20766"},"modified":"2024-10-07T16:33:18","modified_gmt":"2024-10-07T19:33:18","slug":"campanha-nacional-de-vacinacao-contra-a-gripe-inicia-segunda-feira","status":"publish","type":"post","link":"https:\/\/www.fumssar.com.br\/?p=20766","title":{"rendered":"Campanha Nacional de Vacina\u00e7\u00e3o contra a gripe inicia segunda-feira"},"content":{"rendered":"\n<figure class=\"wp-block-image\"><img loading=\"lazy\" decoding=\"async\" width=\"1024\" height=\"1024\" src=\"https:\/\/www.fumssar.com.br\/wp-content\/uploads\/2022\/04\/IMG-20220402-WA0001-1024x1024.jpg\" alt=\"\" class=\"wp-image-20767\" srcset=\"https:\/\/www.fumssar.com.br\/wp-content\/uploads\/2022\/04\/IMG-20220402-WA0001-1024x1024.jpg 1024w, https:\/\/www.fumssar.com.br\/wp-content\/uploads\/2022\/04\/IMG-20220402-WA0001-150x150.jpg 150w, https:\/\/www.fumssar.com.br\/wp-content\/uploads\/2022\/04\/IMG-20220402-WA0001-300x300.jpg 300w, https:\/\/www.fumssar.com.br\/wp-content\/uploads\/2022\/04\/IMG-20220402-WA0001-768x768.jpg 768w, https:\/\/www.fumssar.com.br\/wp-content\/uploads\/2022\/04\/IMG-20220402-WA0001.jpg 1080w\" sizes=\"(max-width: 1024px) 100vw, 1024px\" \/><\/figure>\n\n\n\n<p>A primeira etapa da 24\u00aa Campanha Nacional de Vacina\u00e7\u00e3o contra o v\u00edrus Influenza (gripe), inicia na pr\u00f3xima segunda-feira, dia 04\/04 e vai at\u00e9 o dia 30\/04. A campanha vai ser dividida em 02 etapas, para diferentes grupos priorit\u00e1rios. Esta primeira fase ser\u00e1 destinada para idosos com mais de 60 anos e trabalhadores da sa\u00fade. A aplica\u00e7\u00e3o das doses vai ser realizada nas Unidades B\u00e1sicas. Todos que forem se vacinar, precisam levar documento com foto e se poss\u00edvel caderneta de vacina\u00e7\u00e3o.<\/p>\n\n\n\n<p>O Presidente da Funda\u00e7\u00e3o Municipal de Sa\u00fade de Santa Rosa destaca a import\u00e2ncia da vacina\u00e7\u00e3o, \u201cO objetivo da vacina\u00e7\u00e3o \u00e9 reduzir a circula\u00e7\u00e3o do v\u00edrus da gripe e, consequentemente, o n\u00famero de hospitaliza\u00e7\u00f5es e agravos da doen\u00e7a, tendo em vista, que o Influenza est\u00e1 relacionado a uma s\u00e9rie de complica\u00e7\u00f5es como, pneumonia, doen\u00e7as card\u00edacas, entre outras\u201d, destaca D\u00e9lcio Stefan. A FUMSSAR informa tamb\u00e9m, que caso o cidad\u00e3o tenha positivado para COVID-19 nos \u00faltimos dias, deve aguardar a melhora do quadro cl\u00ednico para realizar a imuniza\u00e7\u00e3o contra a gripe.<\/p>\n\n\n\n<p>A segunda fase, que vai ocorrer entre 02 de maio at\u00e9 03 de junho, ter\u00e1 como p\u00fablico-alvo: crian\u00e7as de 6 meses a menores de 5 anos de idade (4 anos, 11 meses e 29 dias), Gestantes e Pu\u00e9rperas, Povos ind\u00edgenas, Trabalhadores da educa\u00e7\u00e3o, Pessoas com defici\u00eancia permanente e Comorbidades, Caminhoneiros, Trabalhadores de transporte coletivo rodovi\u00e1rio para passageiros urbanos e de longo curso, Trabalhadores Portu\u00e1rios, integrantes das For\u00e7as Armadas, de seguran\u00e7a e de salvamento, funcion\u00e1rios do sistema prisional, popula\u00e7\u00e3o privada de liberdade e adolescentes e jovens em medidas socioeducativas.<\/p>\n","protected":false},"excerpt":{"rendered":"<p>A primeira etapa da 24\u00aa Campanha Nacional de Vacina\u00e7\u00e3o contra o v\u00edrus Influenza (gripe), inicia&#8230;<\/p>\n","protected":false},"author":36,"featured_media":20767,"comment_status":"closed","ping_status":"closed","sticky":false,"template":"","format":"standard","meta":{"footnotes":""},"categories":[2],"tags":[],"_links":{"self":[{"href":"https:\/\/www.fumssar.com.br\/index.php?rest_route=\/wp\/v2\/posts\/20766"}],"collection":[{"href":"https:\/\/www.fumssar.com.br\/index.php?rest_route=\/wp\/v2\/posts"}],"about":[{"href":"https:\/\/www.fumssar.com.br\/index.php?rest_route=\/wp\/v2\/types\/post"}],"author":[{"embeddable":true,"href":"https:\/\/www.fumssar.com.br\/index.php?rest_route=\/wp\/v2\/users\/36"}],"replies":[{"embeddable":true,"href":"https:\/\/www.fumssar.com.br\/index.php?rest_route=%2Fwp%2Fv2%2Fcomments&post=20766"}],"version-history":[{"count":1,"href":"https:\/\/www.fumssar.com.br\/index.php?rest_route=\/wp\/v2\/posts\/20766\/revisions"}],"predecessor-version":[{"id":20768,"href":"https:\/\/www.fumssar.com.br\/index.php?rest_route=\/wp\/v2\/posts\/20766\/revisions\/20768"}],"wp:featuredmedia":[{"embeddable":true,"href":"https:\/\/www.fumssar.com.br\/index.php?rest_route=\/wp\/v2\/media\/20767"}],"wp:attachment":[{"href":"https:\/\/www.fumssar.com.br\/index.php?rest_route=%2Fwp%2Fv2%2Fmedia&parent=20766"}],"wp:term":[{"taxonomy":"category","embeddable":true,"href":"https:\/\/www.fumssar.com.br\/index.php?rest_route=%2Fwp%2Fv2%2Fcategories&post=20766"},{"taxonomy":"post_tag","embeddable":true,"href":"https:\/\/www.fumssar.com.br\/index.php?rest_route=%2Fwp%2Fv2%2Ftags&post=20766"}],"curies":[{"name":"wp","href":"https:\/\/api.w.org\/{rel}","templated":true}]}}