{"id":20738,"date":"2022-03-30T16:58:15","date_gmt":"2022-03-30T19:58:15","guid":{"rendered":"http:\/\/www.fumssar.com.br\/?p=20738"},"modified":"2024-10-07T16:33:18","modified_gmt":"2024-10-07T19:33:18","slug":"2o-seminario-estadual-do-transtorno-do-espectro-autista","status":"publish","type":"post","link":"https:\/\/www.fumssar.com.br\/?p=20738","title":{"rendered":"2\u00ba Semin\u00e1rio Estadual do Transtorno do Espectro Autista"},"content":{"rendered":"\n<ul class=\"wp-block-gallery columns-2 is-cropped wp-block-gallery-1 is-layout-flex wp-block-gallery-is-layout-flex\"><li class=\"blocks-gallery-item\"><figure><img loading=\"lazy\" decoding=\"async\" width=\"1024\" height=\"1024\" src=\"https:\/\/www.fumssar.com.br\/wp-content\/uploads\/2022\/03\/1-1024x1024.png\" alt=\"\" data-id=\"20739\" data-link=\"https:\/\/www.fumssar.com.br\/?attachment_id=20739\" class=\"wp-image-20739\" srcset=\"https:\/\/www.fumssar.com.br\/wp-content\/uploads\/2022\/03\/1-1024x1024.png 1024w, https:\/\/www.fumssar.com.br\/wp-content\/uploads\/2022\/03\/1-150x150.png 150w, https:\/\/www.fumssar.com.br\/wp-content\/uploads\/2022\/03\/1-300x300.png 300w, https:\/\/www.fumssar.com.br\/wp-content\/uploads\/2022\/03\/1-768x768.png 768w, https:\/\/www.fumssar.com.br\/wp-content\/uploads\/2022\/03\/1.png 1080w\" sizes=\"(max-width: 1024px) 100vw, 1024px\" \/><\/figure><\/li><li class=\"blocks-gallery-item\"><figure><img loading=\"lazy\" decoding=\"async\" width=\"1024\" height=\"1024\" src=\"https:\/\/www.fumssar.com.br\/wp-content\/uploads\/2022\/03\/2-1024x1024.png\" alt=\"\" data-id=\"20740\" data-link=\"https:\/\/www.fumssar.com.br\/?attachment_id=20740\" class=\"wp-image-20740\" srcset=\"https:\/\/www.fumssar.com.br\/wp-content\/uploads\/2022\/03\/2-1024x1024.png 1024w, https:\/\/www.fumssar.com.br\/wp-content\/uploads\/2022\/03\/2-150x150.png 150w, https:\/\/www.fumssar.com.br\/wp-content\/uploads\/2022\/03\/2-300x300.png 300w, https:\/\/www.fumssar.com.br\/wp-content\/uploads\/2022\/03\/2-768x768.png 768w, https:\/\/www.fumssar.com.br\/wp-content\/uploads\/2022\/03\/2.png 1080w\" sizes=\"(max-width: 1024px) 100vw, 1024px\" \/><\/figure><\/li><\/ul>\n\n\n\n<p>A Funda\u00e7\u00e3o Municipal de Sa\u00fade de Santa Rosa, por meio da equipe de profissionais do CMR TEAcolhe &#8211; Centro Macrorregional em Transtorno do Espectro Autista vai realizar na pr\u00f3xima segunda-feira (04 de abril), o 2\u00ba Semin\u00e1rio Estadual do Transtorno do Espectro Autista em Santa Rosa. O evento ser\u00e1 aberto ao p\u00fablico e vai acontecer \u00e0s 08h da manh\u00e3, no Centro C\u00edvico Cultural Ant\u00f4nio Carlos Borges. Mais de 1 mil pessoas est\u00e3o confirmadas. A atividade ser\u00e1 hibrida.<\/p>\n\n\n\n<p>O semin\u00e1rio vai contar com a participa\u00e7\u00e3o do Deputado Estadual, Eduardo Loureiro, propositor da Lei 15.322\/2019 que oportunizou um programa de atendimento integrado aos autistas do Rio Grande do Sul. Durante a programa\u00e7\u00e3o, ser\u00e3o tratados diversos temas com refer\u00eancia ao autismo. O neuropediatra Dr. Guilherme Henz, vai falar sobre, &#8220;Identifica\u00e7\u00e3o de TEA na inf\u00e2ncia: Sinais de Risco&#8221;, a fonoaudi\u00f3loga Ana Paula Ramos de Souza ir\u00e1 apresentar o tema, &#8220;Terapia de crian\u00e7a com TEA: import\u00e2ncia da inclus\u00e3o dos familiares&#8221; e o Psic\u00f3logo Dr. Carlo Schmidt, vai falar sobre, &#8220;Transtorno do Espectro Autista: desafios na sa\u00fade e educa\u00e7\u00e3o&#8221;. Al\u00e9m disso, as equipes do CER II Tr\u00eas de Maio e do CER II Santa Rosa v\u00e3o abordar sobre: Estrat\u00e9gias de Interven\u00e7\u00e3o no Autismo. <\/p>\n\n\n\n<p>O evento vai ter uma apresenta\u00e7\u00e3o art\u00edstica da AFAPENE e a presen\u00e7a de diversas autoridades, com representantes de v\u00e1rios munic\u00edpios de diferentes estados. Para o presidente da FUMSSAR, D\u00e9lcio Stefan, esta \u00e9 uma oportunidade de mostrar para Santa Rosa e para o estado, o trabalho que est\u00e1 sendo realizado pelo Centro Macrorregional em TEA e ao mesmo tempo, oportunizar a escuta de temas t\u00e3o importantes, voltados ao autismo, \u201cEstamos muito contentes de realizar mais uma vez em Santa Rosa, um semin\u00e1rio estadual sobre o Transtorno do Espectro Autista. Tendo em vista, que esse ainda \u00e9 um assunto pouco discutido e que precisa de um olhar diferenciado. Nosso objetivo \u00e9 buscar sempre o melhor para os nossos usu\u00e1rios e fam\u00edlias e aperfei\u00e7oar nossos servi\u00e7os, auxiliando atrav\u00e9s do matriciamento, os munic\u00edpios da nossa macrorregi\u00e3o\u201d. O 2\u00ba Semin\u00e1rio Estadual do Transtorno do Espectro Autista vai ser transmitido ao vivo, online, pela plataforma Youtube, no canal do Centro Macrorregional em TEA, de Santa Rosa.<\/p>\n\n\n\n<p>*As inscri\u00e7\u00f5es para participar presencialmente ou online, do 2\u00ba Semin\u00e1rio Estadual do Transtorno do Espectro Autista, podem ser realizadas pelo link abaixo: <\/p>\n\n\n\n<p><a href=\"https:\/\/forms.gle\/Svdf4etMUUWXgev97\">https:\/\/forms.gle\/Svdf4etMUUWXgev97<\/a><\/p>\n","protected":false},"excerpt":{"rendered":"<p>A Funda\u00e7\u00e3o Municipal de Sa\u00fade de Santa Rosa, por meio da equipe de profissionais do&#8230;<\/p>\n","protected":false},"author":36,"featured_media":20739,"comment_status":"closed","ping_status":"closed","sticky":false,"template":"","format":"standard","meta":{"footnotes":""},"categories":[2],"tags":[],"_links":{"self":[{"href":"https:\/\/www.fumssar.com.br\/index.php?rest_route=\/wp\/v2\/posts\/20738"}],"collection":[{"href":"https:\/\/www.fumssar.com.br\/index.php?rest_route=\/wp\/v2\/posts"}],"about":[{"href":"https:\/\/www.fumssar.com.br\/index.php?rest_route=\/wp\/v2\/types\/post"}],"author":[{"embeddable":true,"href":"https:\/\/www.fumssar.com.br\/index.php?rest_route=\/wp\/v2\/users\/36"}],"replies":[{"embeddable":true,"href":"https:\/\/www.fumssar.com.br\/index.php?rest_route=%2Fwp%2Fv2%2Fcomments&post=20738"}],"version-history":[{"count":1,"href":"https:\/\/www.fumssar.com.br\/index.php?rest_route=\/wp\/v2\/posts\/20738\/revisions"}],"predecessor-version":[{"id":20741,"href":"https:\/\/www.fumssar.com.br\/index.php?rest_route=\/wp\/v2\/posts\/20738\/revisions\/20741"}],"wp:featuredmedia":[{"embeddable":true,"href":"https:\/\/www.fumssar.com.br\/index.php?rest_route=\/wp\/v2\/media\/20739"}],"wp:attachment":[{"href":"https:\/\/www.fumssar.com.br\/index.php?rest_route=%2Fwp%2Fv2%2Fmedia&parent=20738"}],"wp:term":[{"taxonomy":"category","embeddable":true,"href":"https:\/\/www.fumssar.com.br\/index.php?rest_route=%2Fwp%2Fv2%2Fcategories&post=20738"},{"taxonomy":"post_tag","embeddable":true,"href":"https:\/\/www.fumssar.com.br\/index.php?rest_route=%2Fwp%2Fv2%2Ftags&post=20738"}],"curies":[{"name":"wp","href":"https:\/\/api.w.org\/{rel}","templated":true}]}}