{"id":20710,"date":"2022-03-28T15:54:08","date_gmt":"2022-03-28T18:54:08","guid":{"rendered":"http:\/\/www.fumssar.com.br\/?p=20710"},"modified":"2024-10-07T16:33:18","modified_gmt":"2024-10-07T19:33:18","slug":"mais-de-500-doses-contra-a-covid-19-aplicadas-na-ultima-semana","status":"publish","type":"post","link":"https:\/\/www.fumssar.com.br\/?p=20710","title":{"rendered":"Mais de 500 doses contra a COVID-19 aplicadas na \u00faltima semana"},"content":{"rendered":"\n<figure class=\"wp-block-image\"><img loading=\"lazy\" decoding=\"async\" width=\"1024\" height=\"768\" src=\"https:\/\/www.fumssar.com.br\/wp-content\/uploads\/2022\/03\/WhatsApp-Image-2022-03-28-at-14.25.12-1024x768.jpeg\" alt=\"\" class=\"wp-image-20711\" srcset=\"https:\/\/www.fumssar.com.br\/wp-content\/uploads\/2022\/03\/WhatsApp-Image-2022-03-28-at-14.25.12-1024x768.jpeg 1024w, https:\/\/www.fumssar.com.br\/wp-content\/uploads\/2022\/03\/WhatsApp-Image-2022-03-28-at-14.25.12-300x225.jpeg 300w, https:\/\/www.fumssar.com.br\/wp-content\/uploads\/2022\/03\/WhatsApp-Image-2022-03-28-at-14.25.12-768x576.jpeg 768w, https:\/\/www.fumssar.com.br\/wp-content\/uploads\/2022\/03\/WhatsApp-Image-2022-03-28-at-14.25.12.jpeg 1156w\" sizes=\"(max-width: 1024px) 100vw, 1024px\" \/><\/figure>\n\n\n\n<p>A equipe da Funda\u00e7\u00e3o Municipal de Sa\u00fade de Santa Rosa, aplicou na Central de Vacinas, 520 doses contra a COVID-19, na \u00faltima semana.  A imuniza\u00e7\u00e3o segue dispon\u00edvel para primeira, segunda e terceira dose, de segunda \u00e0 sexta-feira. At\u00e9 o momento, j\u00e1 foram realizadas 150.963 vacinas. Do total, 65.102 foram de D1 (Primeira Dose), essa quantidade corresponde a 88% da popula\u00e7\u00e3o vacinada, 58.252 de D2 (Segunda Dose) e 2.264 de D.U (Dose \u00fanica). <br><br>Com o avan\u00e7o da vacina\u00e7\u00e3o, 60.516 pessoas est\u00e3o com a imuniza\u00e7\u00e3o completa, 82% dos santa-rosenses. 24.855 s\u00e3o de D.R (Doses de Refor\u00e7o), ou seja, 41% das pessoas que j\u00e1 t\u00eam a segunda dose ou a dose \u00fanica realizaram o refor\u00e7o. Al\u00e9m disso, foram aplicadas tamb\u00e9m, 490 doses adicionais. Podem se vacinar crian\u00e7as de 05 a 11 anos nas Unidades B\u00e1sicas de Sa\u00fade, mediante agendamento pr\u00e9vio. \u00c9 necess\u00e1rio o acompanhamento dos pais ou respons\u00e1veis e apresentar certid\u00e3o de nascimento, cart\u00e3o SUS e a caderneta de vacina\u00e7\u00e3o. <\/p>\n\n\n\n<p>Na Central de Vacinas, a primeira dose est\u00e1 dispon\u00edvel a partir dos 12 anos. As segundas doses, (D2) de Coronavac s\u00e3o realizadas ap\u00f3s 28 dias da primeira dose. Astrazeneca e Pfizer, ap\u00f3s oito semanas da primeira aplica\u00e7\u00e3o. As doses de refor\u00e7o (DR) s\u00e3o realizadas para pessoas acima de 18 anos que fizeram a segunda dose h\u00e1 04 meses. No caso do imunizante da Janssen, a Dose de Refor\u00e7o \u00e9 realizada com um intervalo de 2 a 6 meses ap\u00f3s a primeira dose. Para realizar a imuniza\u00e7\u00e3o, \u00e9 necess\u00e1rio levar documento com foto, CPF, cart\u00e3o SUS e a caderneta de vacina\u00e7\u00e3o. Os jovens, dos 12 aos 15 anos, precisam ir acompanhados dos pais ou respons\u00e1vel legal. <\/p>\n\n\n\n<p>A Central de Vacinas da FUMSSAR fica localizada na Rua Dr. Francisco Timm, 480 &#8211; centro, no subsolo (entrada pela lateral). O hor\u00e1rio de atendimento \u00e9 das 07h30min \u00e0s 11h e das 13h30min \u00e0s 17h. Nas quartas-feiras, o hor\u00e1rio \u00e9 estendido at\u00e9 \u00e0s 19h30min. N\u00e3o \u00e9 necess\u00e1rio realizar o agendamento. O atendimento acontece por ordem de chegada.<\/p>\n","protected":false},"excerpt":{"rendered":"<p>A equipe da Funda\u00e7\u00e3o Municipal de Sa\u00fade de Santa Rosa, aplicou na Central de Vacinas,&#8230;<\/p>\n","protected":false},"author":36,"featured_media":20711,"comment_status":"closed","ping_status":"closed","sticky":false,"template":"","format":"standard","meta":{"footnotes":""},"categories":[152,2],"tags":[],"_links":{"self":[{"href":"https:\/\/www.fumssar.com.br\/index.php?rest_route=\/wp\/v2\/posts\/20710"}],"collection":[{"href":"https:\/\/www.fumssar.com.br\/index.php?rest_route=\/wp\/v2\/posts"}],"about":[{"href":"https:\/\/www.fumssar.com.br\/index.php?rest_route=\/wp\/v2\/types\/post"}],"author":[{"embeddable":true,"href":"https:\/\/www.fumssar.com.br\/index.php?rest_route=\/wp\/v2\/users\/36"}],"replies":[{"embeddable":true,"href":"https:\/\/www.fumssar.com.br\/index.php?rest_route=%2Fwp%2Fv2%2Fcomments&post=20710"}],"version-history":[{"count":1,"href":"https:\/\/www.fumssar.com.br\/index.php?rest_route=\/wp\/v2\/posts\/20710\/revisions"}],"predecessor-version":[{"id":20712,"href":"https:\/\/www.fumssar.com.br\/index.php?rest_route=\/wp\/v2\/posts\/20710\/revisions\/20712"}],"wp:featuredmedia":[{"embeddable":true,"href":"https:\/\/www.fumssar.com.br\/index.php?rest_route=\/wp\/v2\/media\/20711"}],"wp:attachment":[{"href":"https:\/\/www.fumssar.com.br\/index.php?rest_route=%2Fwp%2Fv2%2Fmedia&parent=20710"}],"wp:term":[{"taxonomy":"category","embeddable":true,"href":"https:\/\/www.fumssar.com.br\/index.php?rest_route=%2Fwp%2Fv2%2Fcategories&post=20710"},{"taxonomy":"post_tag","embeddable":true,"href":"https:\/\/www.fumssar.com.br\/index.php?rest_route=%2Fwp%2Fv2%2Ftags&post=20710"}],"curies":[{"name":"wp","href":"https:\/\/api.w.org\/{rel}","templated":true}]}}