{"id":20689,"date":"2022-03-24T15:04:23","date_gmt":"2022-03-24T18:04:23","guid":{"rendered":"http:\/\/www.fumssar.com.br\/?p=20689"},"modified":"2024-10-07T16:33:19","modified_gmt":"2024-10-07T19:33:19","slug":"fumssar-segue-realizando-medidas-de-prevencao-no-combate-a-dengue","status":"publish","type":"post","link":"https:\/\/www.fumssar.com.br\/?p=20689","title":{"rendered":"FUMSSAR segue realizando medidas de preven\u00e7\u00e3o no combate \u00e0 Dengue"},"content":{"rendered":"\n<ul class=\"wp-block-gallery columns-1 is-cropped wp-block-gallery-1 is-layout-flex wp-block-gallery-is-layout-flex\"><li class=\"blocks-gallery-item\"><figure><img loading=\"lazy\" decoding=\"async\" width=\"1024\" height=\"768\" src=\"http:\/\/www.fumssar.com.br\/wp-content\/uploads\/2022\/03\/Dengue-02-1024x768.jpeg\" alt=\"\" data-id=\"20690\" data-link=\"http:\/\/www.fumssar.com.br\/?attachment_id=20690\" class=\"wp-image-20690\" srcset=\"https:\/\/www.fumssar.com.br\/wp-content\/uploads\/2022\/03\/Dengue-02-1024x768.jpeg 1024w, https:\/\/www.fumssar.com.br\/wp-content\/uploads\/2022\/03\/Dengue-02-300x225.jpeg 300w, https:\/\/www.fumssar.com.br\/wp-content\/uploads\/2022\/03\/Dengue-02-768x576.jpeg 768w, https:\/\/www.fumssar.com.br\/wp-content\/uploads\/2022\/03\/Dengue-02.jpeg 1280w\" sizes=\"(max-width: 1024px) 100vw, 1024px\" \/><figcaption>Agentes Comunit\u00e1rias de Sa\u00fade, Loreci Maria Weyer e Sirlene de F\u00e1tima Hoeckel visitando escolas e entregando materiais de preven\u00e7\u00e3o \u00e0 Dengue<\/figcaption><\/figure><\/li><\/ul>\n\n\n\n<p>A Funda\u00e7\u00e3o Municipal de Sa\u00fade de Santa Rosa divulgou nesta\u00a0quinta-feira (24), os dados atualizados sobre a Dengue no munic\u00edpio. Do in\u00edcio do ano, at\u00e9 esta\u00a0quarta-feira (23), o munic\u00edpio teve 15 casos confirmados, desses, 14 s\u00e3o aut\u00f3ctones (casos que as pessoas contra\u00edram o v\u00edrus em Santa Rosa) e 01 importado (contra\u00eddo fora do munic\u00edpio). A FUMSSAR segue realizando a\u00e7\u00f5es de combate \u00e0 doen\u00e7a. Nesta semana, os Agentes Comunit\u00e1rios de Sa\u00fade estiveram visitando escolas municipais, fixando cartazes nos murais e entregando bilhetes, com informa\u00e7\u00f5es de preven\u00e7\u00e3o.<\/p>\n\n\n\n<p>Nas \u00faltimas semanas, aumentaram significativamente os casos notificados\/suspeitos de Dengue na regi\u00e3o. Os Agentes de Combate \u00e0s Endemias t\u00eam realizado vistorias semanais nas resid\u00eancias. Na varredura, os im\u00f3veis s\u00e3o vistoriados em busca de larvas do Aedes Aegypti. Caso os agentes encontrem focos do mosquito, o mesmo \u00e9 eliminado na hora e o morador \u00e9 notificado. Se o foco estiver localizado em piscinas, caixas d\u2019\u00e1gua, entre outros, o morador tem o prazo de 5 dias para realizar a limpeza e elimina\u00e7\u00e3o das larvas. Terminado o prazo, os agentes retornam ao local para fazer uma nova vistoria, caso o problema n\u00e3o tenha sido solucionado pelo morador, o mesmo \u00e9 autuado pela FUMSSAR.<\/p>\n\n\n\n<p>\u00a0Tamb\u00e9m est\u00e3o sendo realizadas a\u00e7\u00f5es nos supermercados e nas salas de espera das Unidades B\u00e1sicas de Sa\u00fade. A Funda\u00e7\u00e3o relembra a import\u00e2ncia da colabora\u00e7\u00e3o da popula\u00e7\u00e3o, que n\u00e3o deve abandonar alguns cuidados como: n\u00e3o deixar \u00e1gua parada, cobrir as caixas d\u2019\u00e1gua, manter o lixo fechado, cuidar de piscinas e ralos dentro de casa, limpar as calhas e telhados, utilizar areia nos vasos de plantas e sempre deixar garrafas e outros recipientes de cabe\u00e7a para baixo. A Agente Comunit\u00e1ria de Sa\u00fade, Loreci Maria Weyer, destacou a import\u00e2ncia da participa\u00e7\u00e3o da comunidade, \u201cNesse momento precisamos muito da ajuda dos moradores de Santa Rosa. Se cada um fizer sua parte, cuidar da sua casa e do seu jardim, j\u00e1 conseguimos frear o aumento de casos e de novas confirma\u00e7\u00f5es de Dengue\u201d. A FUMSSAR refor\u00e7a tamb\u00e9m que caso sejam observados sintomas da doen\u00e7a, o cidad\u00e3o deve procurar a Unidade B\u00e1sica de Sa\u00fade de refer\u00eancia. Se houver algum sintoma grave, o mesmo deve dirigir-se \u00e0 Unidade de Pronto Atendimento (UPA).<\/p>\n","protected":false},"excerpt":{"rendered":"<p>A Funda\u00e7\u00e3o Municipal de Sa\u00fade de Santa Rosa divulgou nesta\u00a0quinta-feira (24), os dados atualizados sobre&#8230;<\/p>\n","protected":false},"author":36,"featured_media":20690,"comment_status":"closed","ping_status":"closed","sticky":false,"template":"","format":"standard","meta":{"footnotes":""},"categories":[2],"tags":[],"_links":{"self":[{"href":"https:\/\/www.fumssar.com.br\/index.php?rest_route=\/wp\/v2\/posts\/20689"}],"collection":[{"href":"https:\/\/www.fumssar.com.br\/index.php?rest_route=\/wp\/v2\/posts"}],"about":[{"href":"https:\/\/www.fumssar.com.br\/index.php?rest_route=\/wp\/v2\/types\/post"}],"author":[{"embeddable":true,"href":"https:\/\/www.fumssar.com.br\/index.php?rest_route=\/wp\/v2\/users\/36"}],"replies":[{"embeddable":true,"href":"https:\/\/www.fumssar.com.br\/index.php?rest_route=%2Fwp%2Fv2%2Fcomments&post=20689"}],"version-history":[{"count":1,"href":"https:\/\/www.fumssar.com.br\/index.php?rest_route=\/wp\/v2\/posts\/20689\/revisions"}],"predecessor-version":[{"id":20691,"href":"https:\/\/www.fumssar.com.br\/index.php?rest_route=\/wp\/v2\/posts\/20689\/revisions\/20691"}],"wp:featuredmedia":[{"embeddable":true,"href":"https:\/\/www.fumssar.com.br\/index.php?rest_route=\/wp\/v2\/media\/20690"}],"wp:attachment":[{"href":"https:\/\/www.fumssar.com.br\/index.php?rest_route=%2Fwp%2Fv2%2Fmedia&parent=20689"}],"wp:term":[{"taxonomy":"category","embeddable":true,"href":"https:\/\/www.fumssar.com.br\/index.php?rest_route=%2Fwp%2Fv2%2Fcategories&post=20689"},{"taxonomy":"post_tag","embeddable":true,"href":"https:\/\/www.fumssar.com.br\/index.php?rest_route=%2Fwp%2Fv2%2Ftags&post=20689"}],"curies":[{"name":"wp","href":"https:\/\/api.w.org\/{rel}","templated":true}]}}