{"id":20613,"date":"2022-03-17T16:30:57","date_gmt":"2022-03-17T19:30:57","guid":{"rendered":"http:\/\/www.fumssar.com.br\/?p=20613"},"modified":"2024-10-07T16:33:19","modified_gmt":"2024-10-07T19:33:19","slug":"comite-intersetorial-de-controle-da-dengue-se-reune-para-promover-estrategias-no-combate-ao-aedes-aegypti","status":"publish","type":"post","link":"https:\/\/www.fumssar.com.br\/?p=20613","title":{"rendered":"Comit\u00ea Intersetorial de Controle da Dengue se re\u00fane para promover estrat\u00e9gias no combate ao Aedes Aegypti"},"content":{"rendered":"\n<ul class=\"wp-block-gallery columns-1 is-cropped wp-block-gallery-1 is-layout-flex wp-block-gallery-is-layout-flex\"><li class=\"blocks-gallery-item\"><figure><img loading=\"lazy\" decoding=\"async\" width=\"1024\" height=\"1024\" src=\"http:\/\/www.fumssar.com.br\/wp-content\/uploads\/2022\/03\/Post-de-Instagram-unidos-contra-a-dengue-para-dia-D-1024x1024.png\" alt=\"\" data-id=\"20614\" data-link=\"http:\/\/www.fumssar.com.br\/?attachment_id=20614\" class=\"wp-image-20614\" srcset=\"https:\/\/www.fumssar.com.br\/wp-content\/uploads\/2022\/03\/Post-de-Instagram-unidos-contra-a-dengue-para-dia-D-1024x1024.png 1024w, https:\/\/www.fumssar.com.br\/wp-content\/uploads\/2022\/03\/Post-de-Instagram-unidos-contra-a-dengue-para-dia-D-150x150.png 150w, https:\/\/www.fumssar.com.br\/wp-content\/uploads\/2022\/03\/Post-de-Instagram-unidos-contra-a-dengue-para-dia-D-300x300.png 300w, https:\/\/www.fumssar.com.br\/wp-content\/uploads\/2022\/03\/Post-de-Instagram-unidos-contra-a-dengue-para-dia-D-768x768.png 768w, https:\/\/www.fumssar.com.br\/wp-content\/uploads\/2022\/03\/Post-de-Instagram-unidos-contra-a-dengue-para-dia-D.png 1080w\" sizes=\"(max-width: 1024px) 100vw, 1024px\" \/><\/figure><\/li><\/ul>\n\n\n\n<p>A\nFunda\u00e7\u00e3o Municipal de Sa\u00fade de Santa Rosa, por meio da Vigil\u00e2ncia Ambiental,\nrealizou na manh\u00e3 desta quinta-feira (17), uma reuni\u00e3o com o Comit\u00ea\nIntersetorial de Controle da Dengue. Participaram da reuni\u00e3o do Comit\u00ea, a FUMSSAR,\na 14\u00aa Coordenadoria Regional de Sa\u00fade, o 19\u00ba RcMec, o Conselho Municipal de\nSa\u00fade e o Hospital Vida &amp; Sa\u00fade. Na oportunidade, a FUMSSAR apresentou\ndados sobre a Dengue no munic\u00edpio e relatou as a\u00e7\u00f5es que v\u00eam sendo realizadas\npara combater a doen\u00e7a. Al\u00e9m disso, a reuni\u00e3o serviu para promover estrat\u00e9gias de\ncombate ao Aedes Aegypti.<\/p>\n\n\n\n<p>Nas \u00faltimas semanas, aumentaram significativamente os casos notificados\/suspeitos de Dengue na regi\u00e3o. O ver\u00e3o oferece uma condi\u00e7\u00e3o prop\u00edcia para o aumento da prolifera\u00e7\u00e3o de focos, por isso, nessa \u00e9poca, s\u00e3o intensificadas as a\u00e7\u00f5es de conscientiza\u00e7\u00e3o, preven\u00e7\u00e3o e combate ao mosquito Aedes Aegypti, transmissor da Dengue, Zika v\u00edrus e Chikungunya.\u00a0 At\u00e9 esta quarta-feira (16), o munic\u00edpio contava com 93 casos da doen\u00e7a, sendo 81 ainda em investiga\u00e7\u00e3o, 02 confirmados e 10 descartados. Os Agentes de Combate \u00e0s Endemias t\u00eam realizado vistorias semanais nas resid\u00eancias. Na varredura, os im\u00f3veis s\u00e3o vistoriados em busca de larvas do Aedes Aegypti. Caso os agentes encontrem focos do mosquito, o mesmo \u00e9 eliminado na hora e o morador \u00e9 notificado. Se o foco estiver localizado em piscinas, caixas d\u2019\u00e1gua entre outros, o morador tem o prazo de 5 dias para realizar a limpeza e elimina\u00e7\u00e3o das larvas. Terminado o prazo, os agentes retornam ao local para fazer uma nova vistoria, caso o problema n\u00e3o tenha sido solucionado pelo morador, o mesmo \u00e9 autuado pela FUMSSAR.<\/p>\n\n\n\n<p>Tamb\u00e9m est\u00e3o sendo realizadas a\u00e7\u00f5es nas escolas, nos supermercados e nas salas de espera das Unidades B\u00e1sicas de Sa\u00fade. O Gerente das Vigil\u00e2ncias, Jairo Beal ressaltou que um dos fatores mais importante no combate \u00e0 dengue \u00e9 a colabora\u00e7\u00e3o da popula\u00e7\u00e3o, que n\u00e3o deve abandonar alguns cuidados como: n\u00e3o deixar \u00e1gua parada, cobrir as caixas d\u2019\u00e1gua, manter o lixo fechado, cuidar de piscinas e ralos dentro de casa, limpar as calhas e telhados, utilizar areia nos vasos de plantas e sempre deixar garrafas e outros recipientes de cabe\u00e7a para baixo, \u201cN\u00e3o tem como fugir dos cuidados que a popula\u00e7\u00e3o j\u00e1 conhece e que s\u00e3o muito necess\u00e1rios no combate \u00e0 dengue. O morador \u00e9 fator importante neste processo de controle e preven\u00e7\u00e3o da doen\u00e7a e precisamos que cada um fa\u00e7a sua parte para frearmos o n\u00famero de casos em Santa Rosa\u201d. A FUMSSAR refor\u00e7a tamb\u00e9m que caso sejam observados sintomas da doen\u00e7a, o cidad\u00e3o deve procurar a Unidade B\u00e1sica de Sa\u00fade de refer\u00eancia. Se houver algum sintoma grave, o mesmo deve dirigir-se \u00e0 Unidade de Pronto Atendimento (UPA).<\/p>\n","protected":false},"excerpt":{"rendered":"<p>A Funda\u00e7\u00e3o Municipal de Sa\u00fade de Santa Rosa, por meio da Vigil\u00e2ncia Ambiental, realizou na&#8230;<\/p>\n","protected":false},"author":36,"featured_media":20614,"comment_status":"closed","ping_status":"closed","sticky":false,"template":"","format":"standard","meta":{"footnotes":""},"categories":[2],"tags":[],"_links":{"self":[{"href":"https:\/\/www.fumssar.com.br\/index.php?rest_route=\/wp\/v2\/posts\/20613"}],"collection":[{"href":"https:\/\/www.fumssar.com.br\/index.php?rest_route=\/wp\/v2\/posts"}],"about":[{"href":"https:\/\/www.fumssar.com.br\/index.php?rest_route=\/wp\/v2\/types\/post"}],"author":[{"embeddable":true,"href":"https:\/\/www.fumssar.com.br\/index.php?rest_route=\/wp\/v2\/users\/36"}],"replies":[{"embeddable":true,"href":"https:\/\/www.fumssar.com.br\/index.php?rest_route=%2Fwp%2Fv2%2Fcomments&post=20613"}],"version-history":[{"count":1,"href":"https:\/\/www.fumssar.com.br\/index.php?rest_route=\/wp\/v2\/posts\/20613\/revisions"}],"predecessor-version":[{"id":20615,"href":"https:\/\/www.fumssar.com.br\/index.php?rest_route=\/wp\/v2\/posts\/20613\/revisions\/20615"}],"wp:featuredmedia":[{"embeddable":true,"href":"https:\/\/www.fumssar.com.br\/index.php?rest_route=\/wp\/v2\/media\/20614"}],"wp:attachment":[{"href":"https:\/\/www.fumssar.com.br\/index.php?rest_route=%2Fwp%2Fv2%2Fmedia&parent=20613"}],"wp:term":[{"taxonomy":"category","embeddable":true,"href":"https:\/\/www.fumssar.com.br\/index.php?rest_route=%2Fwp%2Fv2%2Fcategories&post=20613"},{"taxonomy":"post_tag","embeddable":true,"href":"https:\/\/www.fumssar.com.br\/index.php?rest_route=%2Fwp%2Fv2%2Ftags&post=20613"}],"curies":[{"name":"wp","href":"https:\/\/api.w.org\/{rel}","templated":true}]}}