{"id":20595,"date":"2022-03-14T17:10:59","date_gmt":"2022-03-14T20:10:59","guid":{"rendered":"http:\/\/www.fumssar.com.br\/?p=20595"},"modified":"2024-10-07T16:33:19","modified_gmt":"2024-10-07T19:33:19","slug":"uso-da-mascara","status":"publish","type":"post","link":"https:\/\/www.fumssar.com.br\/?p=20595","title":{"rendered":"Uso da M\u00e1scara"},"content":{"rendered":"\n<ul class=\"wp-block-gallery columns-1 is-cropped wp-block-gallery-1 is-layout-flex wp-block-gallery-is-layout-flex\"><li class=\"blocks-gallery-item\"><figure><img loading=\"lazy\" decoding=\"async\" width=\"1024\" height=\"1024\" src=\"http:\/\/www.fumssar.com.br\/wp-content\/uploads\/2022\/03\/Cartaz-Informativo-Obrigat\u00f3rio-o-Uso-de-m\u00e1scara-1-1024x1024.png\" alt=\"\" data-id=\"20596\" data-link=\"http:\/\/www.fumssar.com.br\/?attachment_id=20596\" class=\"wp-image-20596\" srcset=\"https:\/\/www.fumssar.com.br\/wp-content\/uploads\/2022\/03\/Cartaz-Informativo-Obrigat\u00f3rio-o-Uso-de-m\u00e1scara-1-1024x1024.png 1024w, https:\/\/www.fumssar.com.br\/wp-content\/uploads\/2022\/03\/Cartaz-Informativo-Obrigat\u00f3rio-o-Uso-de-m\u00e1scara-1-150x150.png 150w, https:\/\/www.fumssar.com.br\/wp-content\/uploads\/2022\/03\/Cartaz-Informativo-Obrigat\u00f3rio-o-Uso-de-m\u00e1scara-1-300x300.png 300w, https:\/\/www.fumssar.com.br\/wp-content\/uploads\/2022\/03\/Cartaz-Informativo-Obrigat\u00f3rio-o-Uso-de-m\u00e1scara-1-768x768.png 768w, https:\/\/www.fumssar.com.br\/wp-content\/uploads\/2022\/03\/Cartaz-Informativo-Obrigat\u00f3rio-o-Uso-de-m\u00e1scara-1.png 1080w\" sizes=\"(max-width: 1024px) 100vw, 1024px\" \/><\/figure><\/li><\/ul>\n\n\n\n<p>Conforme determina o Decreto N\u00ba 47, de 9 de mar\u00e7o de 2022, continua sendo obrigat\u00f3rio o uso de m\u00e1scara de prote\u00e7\u00e3o facial para os servi\u00e7os p\u00fablicos e privados de sa\u00fade, pelos trabalhadores de sa\u00fade, inclusive estagi\u00e1rios, pacientes, acompanhantes ou visitantes, e, ainda, a pessoa que se encontre infectada ou com suspeita de estar contaminada, seja por contato pr\u00f3ximo de pessoa infectada com o novo Coronav\u00edrus, durante o per\u00edodo de transmiss\u00e3o ou que apresente sintomas gripais.<br><br>Sendo assim, a Funda\u00e7\u00e3o Municipal de Sa\u00fade de Santa Rosa refor\u00e7a a obrigatoriedade do uso da m\u00e1scara para servidores e a popula\u00e7\u00e3o nas depend\u00eancias da FUMSSAR e nas Unidades B\u00e1sicas de Sa\u00fade.<\/p>\n","protected":false},"excerpt":{"rendered":"<p>Conforme determina o Decreto N\u00ba 47, de 9 de mar\u00e7o de 2022, continua sendo obrigat\u00f3rio&#8230;<\/p>\n","protected":false},"author":36,"featured_media":20596,"comment_status":"closed","ping_status":"closed","sticky":false,"template":"","format":"standard","meta":{"footnotes":""},"categories":[152,2],"tags":[],"_links":{"self":[{"href":"https:\/\/www.fumssar.com.br\/index.php?rest_route=\/wp\/v2\/posts\/20595"}],"collection":[{"href":"https:\/\/www.fumssar.com.br\/index.php?rest_route=\/wp\/v2\/posts"}],"about":[{"href":"https:\/\/www.fumssar.com.br\/index.php?rest_route=\/wp\/v2\/types\/post"}],"author":[{"embeddable":true,"href":"https:\/\/www.fumssar.com.br\/index.php?rest_route=\/wp\/v2\/users\/36"}],"replies":[{"embeddable":true,"href":"https:\/\/www.fumssar.com.br\/index.php?rest_route=%2Fwp%2Fv2%2Fcomments&post=20595"}],"version-history":[{"count":1,"href":"https:\/\/www.fumssar.com.br\/index.php?rest_route=\/wp\/v2\/posts\/20595\/revisions"}],"predecessor-version":[{"id":20597,"href":"https:\/\/www.fumssar.com.br\/index.php?rest_route=\/wp\/v2\/posts\/20595\/revisions\/20597"}],"wp:featuredmedia":[{"embeddable":true,"href":"https:\/\/www.fumssar.com.br\/index.php?rest_route=\/wp\/v2\/media\/20596"}],"wp:attachment":[{"href":"https:\/\/www.fumssar.com.br\/index.php?rest_route=%2Fwp%2Fv2%2Fmedia&parent=20595"}],"wp:term":[{"taxonomy":"category","embeddable":true,"href":"https:\/\/www.fumssar.com.br\/index.php?rest_route=%2Fwp%2Fv2%2Fcategories&post=20595"},{"taxonomy":"post_tag","embeddable":true,"href":"https:\/\/www.fumssar.com.br\/index.php?rest_route=%2Fwp%2Fv2%2Ftags&post=20595"}],"curies":[{"name":"wp","href":"https:\/\/api.w.org\/{rel}","templated":true}]}}