{"id":2059,"date":"2014-07-16T20:25:59","date_gmt":"2014-07-16T20:25:59","guid":{"rendered":"http:\/\/www.fumssar.com.br\/?p=2059"},"modified":"2024-10-07T16:36:18","modified_gmt":"2024-10-07T19:36:18","slug":"equipe-da-secretaria-do-planejamento-visitou-obra-da-fumssar","status":"publish","type":"post","link":"https:\/\/www.fumssar.com.br\/?p=2059","title":{"rendered":"Equipe da Secretaria do Planejamento visitou obra da FUMSSAR"},"content":{"rendered":"<p><a href=\"http:\/\/www.fumssar.com.br\/wp-content\/uploads\/2014\/07\/DSCN9229.jpg\"><img loading=\"lazy\" decoding=\"async\" class=\"alignnone size-medium wp-image-2061\" alt=\"DSCN9229\" src=\"http:\/\/www.fumssar.com.br\/wp-content\/uploads\/2014\/07\/DSCN9229-300x225.jpg\" width=\"300\" height=\"225\" srcset=\"https:\/\/www.fumssar.com.br\/wp-content\/uploads\/2014\/07\/DSCN9229-300x225.jpg 300w, https:\/\/www.fumssar.com.br\/wp-content\/uploads\/2014\/07\/DSCN9229.jpg 640w\" sizes=\"(max-width: 300px) 100vw, 300px\" \/><\/a>Na tarde de quarta-feira (16) o Secret\u00e1rio de Planejamento do Munic\u00edpio Carlos Alberto Nasi acompanhado de uma equipe de engenharia estiveram juntamente com a Dire\u00e7\u00e3o da Funda\u00e7\u00e3o Municipal de Sa\u00fade visitando as obras da nova sede do Centro de Especialidades e da FUMSSAR na oportunidade foram verificados o andamento das obras e que resta ser executado na edifica\u00e7\u00e3o. \u00a0Nasi disponibilizou um engenheiro para que o mesmo fique acompanhando o final da obra, para ele a obra da FUMSSAR \u00e9 uma das prioridades. O secret\u00e1rio destacou que a equipe de engenharia da prefeitura esta muito sobrecarregada com um volume alto de obras que est\u00e3o sendo executadas e muitas outras que est\u00e3o sendo planejadas. \u201cTemos no setor de engenharia um volume muito expressivo de processos, mas vamos nos empenhar o m\u00e1ximo nesta obra\u201d ressaltou Nasi. Para o Presidente FUMSSAR Dr. Lu\u00eds Ant\u00f4nio Benvegn\u00fa\u00a0 a obra ir\u00e1 beneficiar muito a funcionalidade dos trabalhos da institui\u00e7\u00e3o bem como o atendimento que diariamente\u00a0 procuram os servi\u00e7os da Funda\u00e7\u00e3o. Para ele o t\u00e9rmino da constru\u00e7\u00e3o\u00a0 ir\u00e1 abrir muitos caminhos para que outras obras sejam executadas beneficiando os cidad\u00e3os usu\u00e1rios do SUS. \u201cTemos outras obras que queremos executar a partir da ocupa\u00e7\u00e3o deste pr\u00e9dio\u201d Ressaltou Benvegn\u00fa.<\/p>\n","protected":false},"excerpt":{"rendered":"<p>Na tarde de quarta-feira (16) o Secret\u00e1rio de Planejamento do Munic\u00edpio Carlos Alberto Nasi acompanhado&#8230;<\/p>\n","protected":false},"author":11,"featured_media":2060,"comment_status":"open","ping_status":"open","sticky":false,"template":"","format":"standard","meta":{"footnotes":""},"categories":[2],"tags":[],"_links":{"self":[{"href":"https:\/\/www.fumssar.com.br\/index.php?rest_route=\/wp\/v2\/posts\/2059"}],"collection":[{"href":"https:\/\/www.fumssar.com.br\/index.php?rest_route=\/wp\/v2\/posts"}],"about":[{"href":"https:\/\/www.fumssar.com.br\/index.php?rest_route=\/wp\/v2\/types\/post"}],"author":[{"embeddable":true,"href":"https:\/\/www.fumssar.com.br\/index.php?rest_route=\/wp\/v2\/users\/11"}],"replies":[{"embeddable":true,"href":"https:\/\/www.fumssar.com.br\/index.php?rest_route=%2Fwp%2Fv2%2Fcomments&post=2059"}],"version-history":[{"count":1,"href":"https:\/\/www.fumssar.com.br\/index.php?rest_route=\/wp\/v2\/posts\/2059\/revisions"}],"predecessor-version":[{"id":2062,"href":"https:\/\/www.fumssar.com.br\/index.php?rest_route=\/wp\/v2\/posts\/2059\/revisions\/2062"}],"wp:featuredmedia":[{"embeddable":true,"href":"https:\/\/www.fumssar.com.br\/index.php?rest_route=\/wp\/v2\/media\/2060"}],"wp:attachment":[{"href":"https:\/\/www.fumssar.com.br\/index.php?rest_route=%2Fwp%2Fv2%2Fmedia&parent=2059"}],"wp:term":[{"taxonomy":"category","embeddable":true,"href":"https:\/\/www.fumssar.com.br\/index.php?rest_route=%2Fwp%2Fv2%2Fcategories&post=2059"},{"taxonomy":"post_tag","embeddable":true,"href":"https:\/\/www.fumssar.com.br\/index.php?rest_route=%2Fwp%2Fv2%2Ftags&post=2059"}],"curies":[{"name":"wp","href":"https:\/\/api.w.org\/{rel}","templated":true}]}}