{"id":20575,"date":"2022-03-11T16:28:52","date_gmt":"2022-03-11T19:28:52","guid":{"rendered":"http:\/\/www.fumssar.com.br\/?p=20575"},"modified":"2024-10-07T16:33:19","modified_gmt":"2024-10-07T19:33:19","slug":"1a-conferencia-municipal-de-saude-mental-foi-realizada-em-santa-rosa","status":"publish","type":"post","link":"https:\/\/www.fumssar.com.br\/?p=20575","title":{"rendered":"1\u00aa Confer\u00eancia Municipal de Sa\u00fade Mental foi realizada em Santa Rosa"},"content":{"rendered":"\n<ul class=\"wp-block-gallery columns-1 is-cropped wp-block-gallery-1 is-layout-flex wp-block-gallery-is-layout-flex\"><li class=\"blocks-gallery-item\"><figure><img loading=\"lazy\" decoding=\"async\" width=\"1024\" height=\"768\" src=\"http:\/\/www.fumssar.com.br\/wp-content\/uploads\/2022\/03\/WhatsApp-Image-2022-03-11-at-16.21.15-1024x768.jpeg\" alt=\"\" data-id=\"20576\" data-link=\"http:\/\/www.fumssar.com.br\/?attachment_id=20576\" class=\"wp-image-20576\" srcset=\"https:\/\/www.fumssar.com.br\/wp-content\/uploads\/2022\/03\/WhatsApp-Image-2022-03-11-at-16.21.15.jpeg 1024w, https:\/\/www.fumssar.com.br\/wp-content\/uploads\/2022\/03\/WhatsApp-Image-2022-03-11-at-16.21.15-300x225.jpeg 300w, https:\/\/www.fumssar.com.br\/wp-content\/uploads\/2022\/03\/WhatsApp-Image-2022-03-11-at-16.21.15-768x576.jpeg 768w\" sizes=\"(max-width: 1024px) 100vw, 1024px\" \/><\/figure><\/li><\/ul>\n\n\n\n<p>Aconteceu nesta quinta-feira (10), a 1\u00aa Confer\u00eancia Municipal de Sa\u00fade Mental em Santa Rosa.  O evento foi realizado pela FUMSSAR, em conjunto com o Conselho Municipal de Sa\u00fade de Santa Rosa e pela comiss\u00e3o organizadora. A Confer\u00eancia aconteceu no Centro C\u00edvico Cultural Ant\u00f4nio Carlos Borges e contou com a participa\u00e7\u00e3o de autoridades, Delegados dos Segmentos dos Usu\u00e1rios, Servidores, Profissionais da Sa\u00fade e da comunidade santa-rosense. A tem\u00e1tica trazida foi, \u201cA Pol\u00edtica de Sa\u00fade Mental como Direito: Pela defesa do cuidado em liberdade, rumo aos avan\u00e7os e garantia dos servi\u00e7os da aten\u00e7\u00e3o psicossocial no SUS\u201d.<\/p>\n\n\n\n<p>A programa\u00e7\u00e3o contou com mesas de debates, que falaram desde a hist\u00f3ria da constru\u00e7\u00e3o do Sistema \u00danico de Sa\u00fade em Santa Rosa, mencionando o in\u00edcio do servi\u00e7o de sa\u00fade mental no munic\u00edpio e as mudan\u00e7as e melhorias que aconteceram ao longo dos anos. Al\u00e9m disso, foram debatidas propostas para desenvolver a\u00e7\u00f5es e novas pol\u00edticas p\u00fablicas de sa\u00fade mental em Santa Rosa. O prefeito Anderson Mantei falou da import\u00e2ncia da confer\u00eancia para o munic\u00edpio, \u201cS\u00e3o momentos como este, que nos possibilitam avan\u00e7ar na pol\u00edtica p\u00fablica de sa\u00fade mental no munic\u00edpio. Com a realiza\u00e7\u00e3o das pr\u00e9-confer\u00eancias foi poss\u00edvel levantar pautas que na confer\u00eancia s\u00e3o discutidas e ent\u00e3o planejadas as a\u00e7\u00f5es futuras em prol de uma melhoria cont\u00ednua dos servi\u00e7os\u201d. A Confer\u00eancia contou com 217 participantes, dentre eles, 90 delegados e 124 propostas aprovadas que foram votadas. Das propostas, 12 foram selecionadas para serem levadas para a Confer\u00eancia Estadual de Sa\u00fade Mental, que vai acontecer no pr\u00f3ximo m\u00eas.<\/p>\n","protected":false},"excerpt":{"rendered":"<p>Aconteceu nesta quinta-feira (10), a 1\u00aa Confer\u00eancia Municipal de Sa\u00fade Mental em Santa Rosa. O&#8230;<\/p>\n","protected":false},"author":36,"featured_media":20576,"comment_status":"closed","ping_status":"closed","sticky":false,"template":"","format":"standard","meta":{"footnotes":""},"categories":[2],"tags":[],"_links":{"self":[{"href":"https:\/\/www.fumssar.com.br\/index.php?rest_route=\/wp\/v2\/posts\/20575"}],"collection":[{"href":"https:\/\/www.fumssar.com.br\/index.php?rest_route=\/wp\/v2\/posts"}],"about":[{"href":"https:\/\/www.fumssar.com.br\/index.php?rest_route=\/wp\/v2\/types\/post"}],"author":[{"embeddable":true,"href":"https:\/\/www.fumssar.com.br\/index.php?rest_route=\/wp\/v2\/users\/36"}],"replies":[{"embeddable":true,"href":"https:\/\/www.fumssar.com.br\/index.php?rest_route=%2Fwp%2Fv2%2Fcomments&post=20575"}],"version-history":[{"count":1,"href":"https:\/\/www.fumssar.com.br\/index.php?rest_route=\/wp\/v2\/posts\/20575\/revisions"}],"predecessor-version":[{"id":20577,"href":"https:\/\/www.fumssar.com.br\/index.php?rest_route=\/wp\/v2\/posts\/20575\/revisions\/20577"}],"wp:featuredmedia":[{"embeddable":true,"href":"https:\/\/www.fumssar.com.br\/index.php?rest_route=\/wp\/v2\/media\/20576"}],"wp:attachment":[{"href":"https:\/\/www.fumssar.com.br\/index.php?rest_route=%2Fwp%2Fv2%2Fmedia&parent=20575"}],"wp:term":[{"taxonomy":"category","embeddable":true,"href":"https:\/\/www.fumssar.com.br\/index.php?rest_route=%2Fwp%2Fv2%2Fcategories&post=20575"},{"taxonomy":"post_tag","embeddable":true,"href":"https:\/\/www.fumssar.com.br\/index.php?rest_route=%2Fwp%2Fv2%2Ftags&post=20575"}],"curies":[{"name":"wp","href":"https:\/\/api.w.org\/{rel}","templated":true}]}}