{"id":20559,"date":"2022-03-09T16:49:50","date_gmt":"2022-03-09T19:49:50","guid":{"rendered":"http:\/\/www.fumssar.com.br\/?p=20559"},"modified":"2024-10-07T16:33:20","modified_gmt":"2024-10-07T19:33:20","slug":"reuniao-com-servidoras-da-fumssar","status":"publish","type":"post","link":"https:\/\/www.fumssar.com.br\/?p=20559","title":{"rendered":"Reuni\u00e3o com servidoras da FUMSSAR"},"content":{"rendered":"\n<figure class=\"wp-block-image\"><img loading=\"lazy\" decoding=\"async\" width=\"1024\" height=\"768\" src=\"http:\/\/www.fumssar.com.br\/wp-content\/uploads\/2022\/03\/WhatsApp-Image-2022-03-09-at-16.06.00-1024x768.jpeg\" alt=\"\" class=\"wp-image-20560\" srcset=\"https:\/\/www.fumssar.com.br\/wp-content\/uploads\/2022\/03\/WhatsApp-Image-2022-03-09-at-16.06.00.jpeg 1024w, https:\/\/www.fumssar.com.br\/wp-content\/uploads\/2022\/03\/WhatsApp-Image-2022-03-09-at-16.06.00-300x225.jpeg 300w, https:\/\/www.fumssar.com.br\/wp-content\/uploads\/2022\/03\/WhatsApp-Image-2022-03-09-at-16.06.00-768x576.jpeg 768w\" sizes=\"(max-width: 1024px) 100vw, 1024px\" \/><\/figure>\n\n\n\n<p>Nesta semana, foi realizada na Funda\u00e7\u00e3o Municipal de Sa\u00fade de Santa Rosa uma reuni\u00e3o com o Departamento de Gest\u00e3o Estrat\u00e9gica e as servidoras auxiliares de servi\u00e7os gerais. A Funda\u00e7\u00e3o conta com 24 profissionais nessa \u00e1rea. Elas atuam nas Unidades B\u00e1sicas de Sa\u00fade e nos pr\u00e9dios da FUMSSAR e s\u00e3o respons\u00e1veis por cuidar da manuten\u00e7\u00e3o e higiene desses locais.<br> \u3164<br>O  Diretor do DGEP, Fernando Borella, destacou que esse \u00e9 um servi\u00e7o indispens\u00e1vel para o bom funcionamento da Funda\u00e7\u00e3o, &#8220;As servidoras de Servi\u00e7os Gerais mant\u00e9m o ambiente organizado e acolhedor para os colaboradores e usu\u00e1rios. Nosso objetivo foi valorizar as profissionais e ressaltar a qualidade dos servi\u00e7os prestados por esta categoria, principalmente no per\u00edodo da pandemia\u201d. Na reuni\u00e3o, foi falado tamb\u00e9m, de como a conserva\u00e7\u00e3o do ambiente de trabalho auxilia na conten\u00e7\u00e3o da dissemina\u00e7\u00e3o de poss\u00edveis doen\u00e7as\/infec\u00e7\u00f5es por meio dos processos de limpeza e sanitiza\u00e7\u00e3o. A atividade fez parte da programa\u00e7\u00e3o referente ao dia 22 de fevereiro, data em que foi comemorado o Dia do Auxiliar de Servi\u00e7os Gerais.<\/p>\n","protected":false},"excerpt":{"rendered":"<p>Nesta semana, foi realizada na Funda\u00e7\u00e3o Municipal de Sa\u00fade de Santa Rosa uma reuni\u00e3o com&#8230;<\/p>\n","protected":false},"author":36,"featured_media":20560,"comment_status":"closed","ping_status":"closed","sticky":false,"template":"","format":"standard","meta":{"footnotes":""},"categories":[2],"tags":[],"_links":{"self":[{"href":"https:\/\/www.fumssar.com.br\/index.php?rest_route=\/wp\/v2\/posts\/20559"}],"collection":[{"href":"https:\/\/www.fumssar.com.br\/index.php?rest_route=\/wp\/v2\/posts"}],"about":[{"href":"https:\/\/www.fumssar.com.br\/index.php?rest_route=\/wp\/v2\/types\/post"}],"author":[{"embeddable":true,"href":"https:\/\/www.fumssar.com.br\/index.php?rest_route=\/wp\/v2\/users\/36"}],"replies":[{"embeddable":true,"href":"https:\/\/www.fumssar.com.br\/index.php?rest_route=%2Fwp%2Fv2%2Fcomments&post=20559"}],"version-history":[{"count":1,"href":"https:\/\/www.fumssar.com.br\/index.php?rest_route=\/wp\/v2\/posts\/20559\/revisions"}],"predecessor-version":[{"id":20561,"href":"https:\/\/www.fumssar.com.br\/index.php?rest_route=\/wp\/v2\/posts\/20559\/revisions\/20561"}],"wp:featuredmedia":[{"embeddable":true,"href":"https:\/\/www.fumssar.com.br\/index.php?rest_route=\/wp\/v2\/media\/20560"}],"wp:attachment":[{"href":"https:\/\/www.fumssar.com.br\/index.php?rest_route=%2Fwp%2Fv2%2Fmedia&parent=20559"}],"wp:term":[{"taxonomy":"category","embeddable":true,"href":"https:\/\/www.fumssar.com.br\/index.php?rest_route=%2Fwp%2Fv2%2Fcategories&post=20559"},{"taxonomy":"post_tag","embeddable":true,"href":"https:\/\/www.fumssar.com.br\/index.php?rest_route=%2Fwp%2Fv2%2Ftags&post=20559"}],"curies":[{"name":"wp","href":"https:\/\/api.w.org\/{rel}","templated":true}]}}