{"id":20545,"date":"2022-03-07T17:25:50","date_gmt":"2022-03-07T20:25:50","guid":{"rendered":"http:\/\/www.fumssar.com.br\/?p=20545"},"modified":"2024-10-07T16:33:20","modified_gmt":"2024-10-07T19:33:20","slug":"fumssar-amplia-dose-de-reforco-contra-a-covid-19-para-adolescentes-imunocomprometidos","status":"publish","type":"post","link":"https:\/\/www.fumssar.com.br\/?p=20545","title":{"rendered":"FUMSSAR amplia dose de refor\u00e7o contra a COVID-19 para adolescentes imunocomprometidos"},"content":{"rendered":"\n<figure class=\"wp-block-image\"><img loading=\"lazy\" decoding=\"async\" width=\"1024\" height=\"768\" src=\"http:\/\/www.fumssar.com.br\/wp-content\/uploads\/2022\/03\/WhatsApp-Image-2022-03-07-at-17.23.11-1024x768.jpeg\" alt=\"\" class=\"wp-image-20546\" srcset=\"https:\/\/www.fumssar.com.br\/wp-content\/uploads\/2022\/03\/WhatsApp-Image-2022-03-07-at-17.23.11-1024x768.jpeg 1024w, https:\/\/www.fumssar.com.br\/wp-content\/uploads\/2022\/03\/WhatsApp-Image-2022-03-07-at-17.23.11-300x225.jpeg 300w, https:\/\/www.fumssar.com.br\/wp-content\/uploads\/2022\/03\/WhatsApp-Image-2022-03-07-at-17.23.11-768x576.jpeg 768w, https:\/\/www.fumssar.com.br\/wp-content\/uploads\/2022\/03\/WhatsApp-Image-2022-03-07-at-17.23.11.jpeg 1280w\" sizes=\"(max-width: 1024px) 100vw, 1024px\" \/><\/figure>\n\n\n\n<p>A Funda\u00e7\u00e3o Municipal de Sa\u00fade de Santa Rosa informa que a partir desta segunda-feira (07), vai aplicar a dose de refor\u00e7o para adolescentes imunocomprometidos, dos 12 aos 17 anos.  A amplia\u00e7\u00e3o veio por meio de uma nota t\u00e9cnica divulgada pelo governo estadual. A aplica\u00e7\u00e3o das doses vai ser realizada na Central de Vacinas da FUMSSAR.<\/p>\n\n\n\n<p>A partir de agora, o esquema prim\u00e1rio de vacina\u00e7\u00e3o desse grupo deve ser feito com tr\u00eas doses: primeira, segunda e a dose adicional, com intervalo de oito semanas entre elas. Ap\u00f3s a conclus\u00e3o desse esquema, \u00e9 recomendada ainda uma dose de refor\u00e7o quatro meses ap\u00f3s a terceira dose (ou dose adicional). Essa orienta\u00e7\u00e3o j\u00e1 vale para a popula\u00e7\u00e3o adulta, com mais de 18 anos, com alto grau de imunossupress\u00e3o. O refor\u00e7o para o p\u00fablico adolescente com imunossupress\u00e3o vai ser realizado com a vacina da Pfizer. Entre as pessoas que fazem parte desse grupo priorit\u00e1rio, est\u00e3o os que t\u00eam imunodefici\u00eancia prim\u00e1ria grave, que est\u00e3o passando por quimioterapia, que fizeram algum tipo de transplante de \u00f3rg\u00e3os ou de c\u00e9lulas tronco, que vivem com HIV\/AIDS, que fazem hemodi\u00e1lise, entre outros. Tamb\u00e9m v\u00e3o ser contempladas com a dose de refor\u00e7o, gestantes e pu\u00e9rperas que est\u00e3o dentro da faixa et\u00e1ria dos 12 aos 17 anos. Os jovens dos 12 aos 15 anos que atendem aos requisitos, devem ir acompanhados dos pais ou respons\u00e1veis. <\/p>\n\n\n\n<p>A Central de Vacinas da FUMSSAR fica localizada na Rua Dr. Francisco Timm, 480 &#8211; centro, no subsolo (entrada pela lateral). O hor\u00e1rio de atendimento \u00e9 das 07h30min \u00e0s 11h e das 13h30min \u00e0s 17h. Nas quartas-feiras, o hor\u00e1rio \u00e9 estendido at\u00e9 \u00e0s 19h30min. N\u00e3o \u00e9 necess\u00e1rio realizar o agendamento. O atendimento acontece por ordem de chegada. Para realizar a imuniza\u00e7\u00e3o, \u00e9 necess\u00e1rio levar documento com foto, CPF, cart\u00e3o SUS e a caderneta de vacina\u00e7\u00e3o.<\/p>\n","protected":false},"excerpt":{"rendered":"<p>A Funda\u00e7\u00e3o Municipal de Sa\u00fade de Santa Rosa informa que a partir desta segunda-feira (07),&#8230;<\/p>\n","protected":false},"author":36,"featured_media":20546,"comment_status":"closed","ping_status":"closed","sticky":false,"template":"","format":"standard","meta":{"footnotes":""},"categories":[152,2],"tags":[],"_links":{"self":[{"href":"https:\/\/www.fumssar.com.br\/index.php?rest_route=\/wp\/v2\/posts\/20545"}],"collection":[{"href":"https:\/\/www.fumssar.com.br\/index.php?rest_route=\/wp\/v2\/posts"}],"about":[{"href":"https:\/\/www.fumssar.com.br\/index.php?rest_route=\/wp\/v2\/types\/post"}],"author":[{"embeddable":true,"href":"https:\/\/www.fumssar.com.br\/index.php?rest_route=\/wp\/v2\/users\/36"}],"replies":[{"embeddable":true,"href":"https:\/\/www.fumssar.com.br\/index.php?rest_route=%2Fwp%2Fv2%2Fcomments&post=20545"}],"version-history":[{"count":1,"href":"https:\/\/www.fumssar.com.br\/index.php?rest_route=\/wp\/v2\/posts\/20545\/revisions"}],"predecessor-version":[{"id":20547,"href":"https:\/\/www.fumssar.com.br\/index.php?rest_route=\/wp\/v2\/posts\/20545\/revisions\/20547"}],"wp:featuredmedia":[{"embeddable":true,"href":"https:\/\/www.fumssar.com.br\/index.php?rest_route=\/wp\/v2\/media\/20546"}],"wp:attachment":[{"href":"https:\/\/www.fumssar.com.br\/index.php?rest_route=%2Fwp%2Fv2%2Fmedia&parent=20545"}],"wp:term":[{"taxonomy":"category","embeddable":true,"href":"https:\/\/www.fumssar.com.br\/index.php?rest_route=%2Fwp%2Fv2%2Fcategories&post=20545"},{"taxonomy":"post_tag","embeddable":true,"href":"https:\/\/www.fumssar.com.br\/index.php?rest_route=%2Fwp%2Fv2%2Ftags&post=20545"}],"curies":[{"name":"wp","href":"https:\/\/api.w.org\/{rel}","templated":true}]}}