{"id":2052,"date":"2014-07-15T13:11:42","date_gmt":"2014-07-15T13:11:42","guid":{"rendered":"http:\/\/www.fumssar.com.br\/?p=2052"},"modified":"2024-10-07T16:36:18","modified_gmt":"2024-10-07T19:36:18","slug":"fumssar-implanta-a-politica-de-saude-do-homem","status":"publish","type":"post","link":"https:\/\/www.fumssar.com.br\/?p=2052","title":{"rendered":"FUMSSAR implanta a Pol\u00edtica de Sa\u00fade do Homem"},"content":{"rendered":"<p>A Funda\u00e7\u00e3o Municipal de Sa\u00fade dando sequencia a sua proposta de qualidade de vida da popula\u00e7\u00e3o e intensificar o compromisso que tem com a sa\u00fade aderiu \u00e0 Pol\u00edtica Municipal de Sa\u00fade do Homem. Esta pol\u00edtica tem como principal objetivo diminuir os agravos \u00e0 sa\u00fade masculina, promovendo a\u00e7\u00f5es preventivas tratando e reabilitando morbidades relativas ao g\u00eanero masculino, principalmente na faixa et\u00e1ria de 20 a 59 anos.<\/p>\n<p>\u00a0\u00a0\u00a0\u00a0\u00a0\u00a0\u00a0\u00a0 A pol\u00edtica prev\u00ea a\u00e7\u00f5es envolvendo profissionais da rede b\u00e1sica que atuar\u00e3o em \u00e1reas diversas, como sa\u00fade sexual reprodutiva, ocupacional, alcoolismo, doen\u00e7as degenerativas, dentre outras. Na rede atualmente existem atendimentos que buscam a\u00e7\u00f5es dentro de um processo de trabalho que s\u00e3o voltados a v\u00e1rios segmentos da popula\u00e7\u00e3o. Neste contexto a FUMSSAR desempenha um papel intenso na busca de melhoria de vida para os diversos segmentos da comunidade. Esta nova a\u00e7\u00e3o foi apresentada ao Conselho Municipal de Sa\u00fade que aprovou a implanta\u00e7\u00e3o dos servi\u00e7os na rede b\u00e1sica. Segundo a diretora de gest\u00e3o da aten\u00e7\u00e3o prim\u00e1ria da FUMSSAR, Vera Both explicou que \u00e9 uma pol\u00edtica mais avan\u00e7ada uma vez que a sa\u00fade masculina deve ter uma a\u00e7\u00e3o norteada pelo SUS com \u00eanfase na promo\u00e7\u00e3o, preven\u00e7\u00e3o e reabilita\u00e7\u00e3o. O Presidente da FUMSSAR Dr. Lu\u00eds Ant\u00f4nio Benvegn\u00fa ressaltou a import\u00e2ncia da implanta\u00e7\u00e3o deste servi\u00e7o, que \u00e9 mais um avan\u00e7o no sistema p\u00fablico de sa\u00fade do munic\u00edpio. Benvegn\u00fa destacou que al\u00e9m das a\u00e7\u00f5es preventivas ser\u00e3o tamb\u00e9m realizadas atividades de orienta\u00e7\u00f5es sobre a sa\u00fade masculina.<\/p>\n","protected":false},"excerpt":{"rendered":"<p>A Funda\u00e7\u00e3o Municipal de Sa\u00fade dando sequencia a sua proposta de qualidade de vida da&#8230;<\/p>\n","protected":false},"author":11,"featured_media":2053,"comment_status":"open","ping_status":"open","sticky":false,"template":"","format":"standard","meta":{"footnotes":""},"categories":[2],"tags":[],"_links":{"self":[{"href":"https:\/\/www.fumssar.com.br\/index.php?rest_route=\/wp\/v2\/posts\/2052"}],"collection":[{"href":"https:\/\/www.fumssar.com.br\/index.php?rest_route=\/wp\/v2\/posts"}],"about":[{"href":"https:\/\/www.fumssar.com.br\/index.php?rest_route=\/wp\/v2\/types\/post"}],"author":[{"embeddable":true,"href":"https:\/\/www.fumssar.com.br\/index.php?rest_route=\/wp\/v2\/users\/11"}],"replies":[{"embeddable":true,"href":"https:\/\/www.fumssar.com.br\/index.php?rest_route=%2Fwp%2Fv2%2Fcomments&post=2052"}],"version-history":[{"count":1,"href":"https:\/\/www.fumssar.com.br\/index.php?rest_route=\/wp\/v2\/posts\/2052\/revisions"}],"predecessor-version":[{"id":2054,"href":"https:\/\/www.fumssar.com.br\/index.php?rest_route=\/wp\/v2\/posts\/2052\/revisions\/2054"}],"wp:featuredmedia":[{"embeddable":true,"href":"https:\/\/www.fumssar.com.br\/index.php?rest_route=\/wp\/v2\/media\/2053"}],"wp:attachment":[{"href":"https:\/\/www.fumssar.com.br\/index.php?rest_route=%2Fwp%2Fv2%2Fmedia&parent=2052"}],"wp:term":[{"taxonomy":"category","embeddable":true,"href":"https:\/\/www.fumssar.com.br\/index.php?rest_route=%2Fwp%2Fv2%2Fcategories&post=2052"},{"taxonomy":"post_tag","embeddable":true,"href":"https:\/\/www.fumssar.com.br\/index.php?rest_route=%2Fwp%2Fv2%2Ftags&post=2052"}],"curies":[{"name":"wp","href":"https:\/\/api.w.org\/{rel}","templated":true}]}}