{"id":20456,"date":"2022-02-24T17:03:55","date_gmt":"2022-02-24T20:03:55","guid":{"rendered":"http:\/\/www.fumssar.com.br\/?p=20456"},"modified":"2024-10-07T16:33:20","modified_gmt":"2024-10-07T19:33:20","slug":"1a-conferencia-municipal-de-saude-mental-sera-em-marco","status":"publish","type":"post","link":"https:\/\/www.fumssar.com.br\/?p=20456","title":{"rendered":"1\u00aa Confer\u00eancia Municipal de Sa\u00fade Mental ser\u00e1 em mar\u00e7o"},"content":{"rendered":"\n<figure class=\"wp-block-image\"><img loading=\"lazy\" decoding=\"async\" width=\"1024\" height=\"1024\" src=\"http:\/\/www.fumssar.com.br\/wp-content\/uploads\/2022\/02\/REUNI\u00c3O-PR\u00c9-CONFER\u00caNCIA--1024x1024.png\" alt=\"\" class=\"wp-image-20457\" srcset=\"https:\/\/www.fumssar.com.br\/wp-content\/uploads\/2022\/02\/REUNI\u00c3O-PR\u00c9-CONFER\u00caNCIA--1024x1024.png 1024w, https:\/\/www.fumssar.com.br\/wp-content\/uploads\/2022\/02\/REUNI\u00c3O-PR\u00c9-CONFER\u00caNCIA--150x150.png 150w, https:\/\/www.fumssar.com.br\/wp-content\/uploads\/2022\/02\/REUNI\u00c3O-PR\u00c9-CONFER\u00caNCIA--300x300.png 300w, https:\/\/www.fumssar.com.br\/wp-content\/uploads\/2022\/02\/REUNI\u00c3O-PR\u00c9-CONFER\u00caNCIA--768x768.png 768w, https:\/\/www.fumssar.com.br\/wp-content\/uploads\/2022\/02\/REUNI\u00c3O-PR\u00c9-CONFER\u00caNCIA-.png 1080w\" sizes=\"(max-width: 1024px) 100vw, 1024px\" \/><\/figure>\n\n\n\n<p>A Prefeitura de Santa Rosa, o Conselho Municipal de Sa\u00fade (CMS) e a FUMSSAR est\u00e3o organizando a 1\u00aa Confer\u00eancia Municipal de Sa\u00fade Mental do munic\u00edpio.\u00a0 O evento vai ter como tema: &#8220;A Pol\u00edtica de Sa\u00fade Mental como Direito: Pela defesa do cuidado em liberdade, rumo a avan\u00e7os e garantia dos servi\u00e7os da aten\u00e7\u00e3o psicossocial no SUS&#8221;. A Confer\u00eancia vai acontecer no dia 10 de mar\u00e7o, no Centro C\u00edvico Cultural Ant\u00f4nio Carlos Borges, com in\u00edcio \u00e0s 13h30.\u00a0<br><br>Na primeira semana de mar\u00e7o v\u00e3o acontecer as reuni\u00f5es nas comunidades, chamadas de Pr\u00e9-Confer\u00eancias. Para essas reuni\u00f5es, o CMS quer a mobiliza\u00e7\u00e3o das fam\u00edlias para que participem contribuindo com propostas para a manuten\u00e7\u00e3o e melhoria do servi\u00e7o de sa\u00fade mental de Santa Rosa. As reuni\u00f5es das pr\u00e9-confer\u00eancias v\u00e3o ser presenciais, seguindo os protocolos de distanciamento e demais recomenda\u00e7\u00f5es sanit\u00e1rias, garantindo assim que a participa\u00e7\u00e3o de todos seja segura. Este \u00e9 um processo democr\u00e1tico de ampla participa\u00e7\u00e3o da popula\u00e7\u00e3o, onde toda a comunidade \u00e9 convidada a contribuir participando efetivamente.<br><br>Na quarta-feira, dia 02\/03, \u00e0s 19h30 v\u00e3o ser realizadas as pr\u00e9-confer\u00eancias para os distritos de Cruzeiro, Cruzeiro do Sul, Bela Uni\u00e3o, Pereira, J\u00falio de Oliveira e Beatriz Oliveira, no Sal\u00e3o Paroquial da Igreja Cat\u00f3lica de Cruzeiro. Na mesma noite, acontece a reuni\u00e3o com a popula\u00e7\u00e3o da Auxiliadora, Agr\u00edcola, Sete de Setembro e Planalto, na Igreja Batista, Rua Chile, 772. No dia 03\/03, quinta-feira, acontece \u00e0s 19h30, as \u00faltimas pr\u00e9-confer\u00eancias. Para as comunidades da Balne\u00e1ria, Gl\u00f3ria, Centro, Timba\u00fava e Esperan\u00e7a, na Comunidade S\u00e3o Jos\u00e9 Oper\u00e1rio &#8211; Av. Santa Cruz, 1370 e para os moradores do Jardim Petr\u00f3polis, Sulina e Guia L\u00f3pes, na Associa\u00e7\u00e3o de Moradores do Bairro Sulina. <\/p>\n","protected":false},"excerpt":{"rendered":"<p>A Prefeitura de Santa Rosa, o Conselho Municipal de Sa\u00fade (CMS) e a FUMSSAR est\u00e3o&#8230;<\/p>\n","protected":false},"author":36,"featured_media":20457,"comment_status":"closed","ping_status":"closed","sticky":false,"template":"","format":"standard","meta":{"footnotes":""},"categories":[2],"tags":[],"_links":{"self":[{"href":"https:\/\/www.fumssar.com.br\/index.php?rest_route=\/wp\/v2\/posts\/20456"}],"collection":[{"href":"https:\/\/www.fumssar.com.br\/index.php?rest_route=\/wp\/v2\/posts"}],"about":[{"href":"https:\/\/www.fumssar.com.br\/index.php?rest_route=\/wp\/v2\/types\/post"}],"author":[{"embeddable":true,"href":"https:\/\/www.fumssar.com.br\/index.php?rest_route=\/wp\/v2\/users\/36"}],"replies":[{"embeddable":true,"href":"https:\/\/www.fumssar.com.br\/index.php?rest_route=%2Fwp%2Fv2%2Fcomments&post=20456"}],"version-history":[{"count":1,"href":"https:\/\/www.fumssar.com.br\/index.php?rest_route=\/wp\/v2\/posts\/20456\/revisions"}],"predecessor-version":[{"id":20458,"href":"https:\/\/www.fumssar.com.br\/index.php?rest_route=\/wp\/v2\/posts\/20456\/revisions\/20458"}],"wp:featuredmedia":[{"embeddable":true,"href":"https:\/\/www.fumssar.com.br\/index.php?rest_route=\/wp\/v2\/media\/20457"}],"wp:attachment":[{"href":"https:\/\/www.fumssar.com.br\/index.php?rest_route=%2Fwp%2Fv2%2Fmedia&parent=20456"}],"wp:term":[{"taxonomy":"category","embeddable":true,"href":"https:\/\/www.fumssar.com.br\/index.php?rest_route=%2Fwp%2Fv2%2Fcategories&post=20456"},{"taxonomy":"post_tag","embeddable":true,"href":"https:\/\/www.fumssar.com.br\/index.php?rest_route=%2Fwp%2Fv2%2Ftags&post=20456"}],"curies":[{"name":"wp","href":"https:\/\/api.w.org\/{rel}","templated":true}]}}