{"id":20426,"date":"2022-02-22T15:22:33","date_gmt":"2022-02-22T18:22:33","guid":{"rendered":"http:\/\/www.fumssar.com.br\/?p=20426"},"modified":"2024-10-07T16:33:21","modified_gmt":"2024-10-07T19:33:21","slug":"santa-rosa-recebeu-nova-remessa-de-doses-contra-a-covid-19","status":"publish","type":"post","link":"https:\/\/www.fumssar.com.br\/?p=20426","title":{"rendered":"Santa Rosa recebeu nova remessa de doses contra a COVID-19"},"content":{"rendered":"\n<figure class=\"wp-block-image\"><img loading=\"lazy\" decoding=\"async\" width=\"1024\" height=\"768\" src=\"https:\/\/www.fumssar.com.br\/wp-content\/uploads\/2022\/02\/WhatsApp-Image-2022-02-22-at-14.30.33-1-1024x768.jpeg\" alt=\"\" class=\"wp-image-20427\" srcset=\"https:\/\/www.fumssar.com.br\/wp-content\/uploads\/2022\/02\/WhatsApp-Image-2022-02-22-at-14.30.33-1-1024x768.jpeg 1024w, https:\/\/www.fumssar.com.br\/wp-content\/uploads\/2022\/02\/WhatsApp-Image-2022-02-22-at-14.30.33-1-300x225.jpeg 300w, https:\/\/www.fumssar.com.br\/wp-content\/uploads\/2022\/02\/WhatsApp-Image-2022-02-22-at-14.30.33-1-768x576.jpeg 768w, https:\/\/www.fumssar.com.br\/wp-content\/uploads\/2022\/02\/WhatsApp-Image-2022-02-22-at-14.30.33-1.jpeg 1280w\" sizes=\"(max-width: 1024px) 100vw, 1024px\" \/><\/figure>\n\n\n\n<p>A Funda\u00e7\u00e3o Municipal de Sa\u00fade de Santa Rosa recebeu na sexta-feira (18), mais uma remessa de doses contra a COVID-19. A vacina\u00e7\u00e3o segue avan\u00e7ando no munic\u00edpio. At\u00e9 o momento, j\u00e1 foram realizadas 146.022 vacinas. Do total, 64.556 foram de D1 (Primeira Dose), essa quantidade corresponde a 87% da popula\u00e7\u00e3o vacinada, 57.008 de D2 (Segunda Dose) e 2.264 de D.U (Dose \u00fanica), sendo assim temos 59.272 pessoas com a imuniza\u00e7\u00e3o completa, 80% dos santa-rosenses. Al\u00e9m disso, temos 22.194 D.R (Doses de Refor\u00e7o) aplicadas, ou seja, 37% das pessoas que j\u00e1 tem a segunda dose ou a dose \u00fanica realizaram a dose de refor\u00e7o.<br><br>Podem se vacinar crian\u00e7as de 05 a 11 anos, nas Unidades B\u00e1sicas de Sa\u00fade, com agendamento pr\u00e9vio. \u00c9 necess\u00e1rio o acompanhamento dos pais ou respons\u00e1veis e apresentar certid\u00e3o de nascimento, cart\u00e3o SUS e a caderneta de vacina\u00e7\u00e3o. A Diretora da Aten\u00e7\u00e3o Prim\u00e1ria \u00e0 Sa\u00fade de Santa Rosa, Fabiana Breitenbach refor\u00e7a a import\u00e2ncia de os pais levarem seus filhos para se vacinar, &#8220;Temos acompanhado o aumento no n\u00famero de casos de crian\u00e7as que positivaram para a COVID-19 e precisaram ser internadas. A vacina \u00e9 a melhor defesa que temos no momento, al\u00e9m de diminuir a chance de agravamento, a imuniza\u00e7\u00e3o diminui a possibilidade de transmiss\u00e3o, o que faz toda a diferen\u00e7a no combate ao v\u00edrus, ainda mais nesse per\u00edodo de volta \u00e0s aulas&#8221;.<br><br>A vacina\u00e7\u00e3o segue sendo realizada tamb\u00e9m, na Central de Vacinas, com a primeira dose dispon\u00edvel a partir dos 12 anos. As segundas doses (D2) de Coronavac s\u00e3o realizadas ap\u00f3s 28 dias da primeira dose. Astrazeneca e Pfizer, ap\u00f3s oito semanas da primeira aplica\u00e7\u00e3o. As doses de refor\u00e7o (DR) s\u00e3o realizadas para pessoas acima de 18 anos que fizeram a segunda dose h\u00e1 04 meses. No caso do imunizante da Janssen, a Dose de Refor\u00e7o \u00e9 realizada com um intervalo de 2 a 6 meses ap\u00f3s a primeira dose. Para realizar a imuniza\u00e7\u00e3o, \u00e9 necess\u00e1rio levar documento com foto, CPF, cart\u00e3o SUS e a caderneta de vacina\u00e7\u00e3o. Os jovens, dos 12 aos 15 anos, precisam ir acompanhados dos pais ou respons\u00e1vel legal.\u00a0<br><br>A Central de Vacinas da FUMSSAR fica localizada na Rua Dr. Francisco Timm, 480 &#8211; centro, no subsolo (entrada pela lateral). O hor\u00e1rio de atendimento \u00e9 das 07h30 \u00e0s 11h e das 13h30 \u00e0s 17h. Nas quartas-feiras, o hor\u00e1rio \u00e9 estendido at\u00e9 \u00e0s 19h30. N\u00e3o \u00e9 necess\u00e1rio realizar o agendamento. O atendimento acontece por ordem de chegada. <\/p>\n","protected":false},"excerpt":{"rendered":"<p>A Funda\u00e7\u00e3o Municipal de Sa\u00fade de Santa Rosa recebeu na sexta-feira (18), mais uma remessa&#8230;<\/p>\n","protected":false},"author":36,"featured_media":20427,"comment_status":"closed","ping_status":"closed","sticky":false,"template":"","format":"standard","meta":{"footnotes":""},"categories":[152,2],"tags":[],"_links":{"self":[{"href":"https:\/\/www.fumssar.com.br\/index.php?rest_route=\/wp\/v2\/posts\/20426"}],"collection":[{"href":"https:\/\/www.fumssar.com.br\/index.php?rest_route=\/wp\/v2\/posts"}],"about":[{"href":"https:\/\/www.fumssar.com.br\/index.php?rest_route=\/wp\/v2\/types\/post"}],"author":[{"embeddable":true,"href":"https:\/\/www.fumssar.com.br\/index.php?rest_route=\/wp\/v2\/users\/36"}],"replies":[{"embeddable":true,"href":"https:\/\/www.fumssar.com.br\/index.php?rest_route=%2Fwp%2Fv2%2Fcomments&post=20426"}],"version-history":[{"count":1,"href":"https:\/\/www.fumssar.com.br\/index.php?rest_route=\/wp\/v2\/posts\/20426\/revisions"}],"predecessor-version":[{"id":20428,"href":"https:\/\/www.fumssar.com.br\/index.php?rest_route=\/wp\/v2\/posts\/20426\/revisions\/20428"}],"wp:featuredmedia":[{"embeddable":true,"href":"https:\/\/www.fumssar.com.br\/index.php?rest_route=\/wp\/v2\/media\/20427"}],"wp:attachment":[{"href":"https:\/\/www.fumssar.com.br\/index.php?rest_route=%2Fwp%2Fv2%2Fmedia&parent=20426"}],"wp:term":[{"taxonomy":"category","embeddable":true,"href":"https:\/\/www.fumssar.com.br\/index.php?rest_route=%2Fwp%2Fv2%2Fcategories&post=20426"},{"taxonomy":"post_tag","embeddable":true,"href":"https:\/\/www.fumssar.com.br\/index.php?rest_route=%2Fwp%2Fv2%2Ftags&post=20426"}],"curies":[{"name":"wp","href":"https:\/\/api.w.org\/{rel}","templated":true}]}}