{"id":20415,"date":"2022-02-18T15:12:28","date_gmt":"2022-02-18T18:12:28","guid":{"rendered":"http:\/\/www.fumssar.com.br\/?p=20415"},"modified":"2024-10-07T16:33:21","modified_gmt":"2024-10-07T19:33:21","slug":"gestao-estrategica-na-fundacao-de-saude","status":"publish","type":"post","link":"https:\/\/www.fumssar.com.br\/?p=20415","title":{"rendered":"Gest\u00e3o Estrat\u00e9gica na Funda\u00e7\u00e3o de Sa\u00fade"},"content":{"rendered":"\n<figure class=\"wp-block-image\"><img loading=\"lazy\" decoding=\"async\" width=\"1024\" height=\"768\" src=\"http:\/\/www.fumssar.com.br\/wp-content\/uploads\/2022\/02\/WhatsApp-Image-2022-02-17-at-16.43.07-1024x768.jpeg\" alt=\"\" class=\"wp-image-20417\" srcset=\"https:\/\/www.fumssar.com.br\/wp-content\/uploads\/2022\/02\/WhatsApp-Image-2022-02-17-at-16.43.07-1024x768.jpeg 1024w, https:\/\/www.fumssar.com.br\/wp-content\/uploads\/2022\/02\/WhatsApp-Image-2022-02-17-at-16.43.07-300x225.jpeg 300w, https:\/\/www.fumssar.com.br\/wp-content\/uploads\/2022\/02\/WhatsApp-Image-2022-02-17-at-16.43.07-768x576.jpeg 768w, https:\/\/www.fumssar.com.br\/wp-content\/uploads\/2022\/02\/WhatsApp-Image-2022-02-17-at-16.43.07.jpeg 1156w\" sizes=\"(max-width: 1024px) 100vw, 1024px\" \/><\/figure>\n\n\n\n<p>A Funda\u00e7\u00e3o Municipal de Sa\u00fade de Santa Rosa por meio do Departamento de Gest\u00e3o Estrat\u00e9gica e Participativa (DGEP) realizou uma reuni\u00e3o esta semana com a IPM Sistemas, empresa respons\u00e1vel pelo software de gest\u00e3o p\u00fablica que \u00e9 utilizado pela FUMSSAR. O foco do encontro foi aprimorar as a\u00e7\u00f5es relacionadas ao gerenciamento de novos processos digitais, e tamb\u00e9m, o desenvolvimento de fluxos digitais com \u00eanfase na melhoria cont\u00ednua dos servi\u00e7os.<br><br>Com a incorpora\u00e7\u00e3o de tecnologias nas a\u00e7\u00f5es \u00e9 poss\u00edvel otimizar o tempo de trabalho, reduzir custos e tornar os processos mais \u00e1geis e eficientes. O Diretor do DGEP, Fernando Borella destacou durante a reuni\u00e3o a import\u00e2ncia do trabalho que vem sendo desenvolvido e falou sobre o planejamento da Funda\u00e7\u00e3o, \u201cEstamos focados na busca de novidades e a\u00e7\u00f5es que possibilitem a melhoria cont\u00ednua dos servi\u00e7os oferecidos pela FUMSSAR, tanto para o p\u00fablico interno, como externo\u201d.<br><br>A partir de agora, o objetivo \u00e9 ampliar o sistema de atendimento ao p\u00fablico e melhorar os processos internos como \u201cworkflow\u201d. Este \u00e9 um m\u00e9todo utilizado para organizar o fluxo de trabalho e que consiste na disposi\u00e7\u00e3o e realiza\u00e7\u00e3o das atividades em sequ\u00eancia l\u00f3gica, preferencialmente de forma automatizada. Para o Presidente da FUMSSAR, D\u00e9lcio Stefan, o trabalho digital n\u00e3o s\u00f3 agiliza as atividades internas, mas tamb\u00e9m, facilita o controle das etapas dos processos digitais, \u201cEstamos melhorando nossos fluxos e isso motiva tamb\u00e9m os servidores, al\u00e9m de contribuir para desburocratizar os processos administrativos e oferecer mais efici\u00eancia e resolutividade\u201d.<br><br>O DGEP prev\u00ea ainda, a implementa\u00e7\u00e3o de um aplicativo do \u201catende.net\u201d que vai permitir o acesso via celular, possibilitando ao cidad\u00e3o realizar a consulta das principais rotinas sem ter que se dirigir at\u00e9 a Funda\u00e7\u00e3o.<\/p>\n","protected":false},"excerpt":{"rendered":"<p>A Funda\u00e7\u00e3o Municipal de Sa\u00fade de Santa Rosa por meio do Departamento de Gest\u00e3o Estrat\u00e9gica&#8230;<\/p>\n","protected":false},"author":36,"featured_media":20417,"comment_status":"closed","ping_status":"closed","sticky":false,"template":"","format":"standard","meta":{"footnotes":""},"categories":[2],"tags":[],"_links":{"self":[{"href":"https:\/\/www.fumssar.com.br\/index.php?rest_route=\/wp\/v2\/posts\/20415"}],"collection":[{"href":"https:\/\/www.fumssar.com.br\/index.php?rest_route=\/wp\/v2\/posts"}],"about":[{"href":"https:\/\/www.fumssar.com.br\/index.php?rest_route=\/wp\/v2\/types\/post"}],"author":[{"embeddable":true,"href":"https:\/\/www.fumssar.com.br\/index.php?rest_route=\/wp\/v2\/users\/36"}],"replies":[{"embeddable":true,"href":"https:\/\/www.fumssar.com.br\/index.php?rest_route=%2Fwp%2Fv2%2Fcomments&post=20415"}],"version-history":[{"count":1,"href":"https:\/\/www.fumssar.com.br\/index.php?rest_route=\/wp\/v2\/posts\/20415\/revisions"}],"predecessor-version":[{"id":20419,"href":"https:\/\/www.fumssar.com.br\/index.php?rest_route=\/wp\/v2\/posts\/20415\/revisions\/20419"}],"wp:featuredmedia":[{"embeddable":true,"href":"https:\/\/www.fumssar.com.br\/index.php?rest_route=\/wp\/v2\/media\/20417"}],"wp:attachment":[{"href":"https:\/\/www.fumssar.com.br\/index.php?rest_route=%2Fwp%2Fv2%2Fmedia&parent=20415"}],"wp:term":[{"taxonomy":"category","embeddable":true,"href":"https:\/\/www.fumssar.com.br\/index.php?rest_route=%2Fwp%2Fv2%2Fcategories&post=20415"},{"taxonomy":"post_tag","embeddable":true,"href":"https:\/\/www.fumssar.com.br\/index.php?rest_route=%2Fwp%2Fv2%2Ftags&post=20415"}],"curies":[{"name":"wp","href":"https:\/\/api.w.org\/{rel}","templated":true}]}}