{"id":2033,"date":"2014-07-11T12:11:46","date_gmt":"2014-07-11T12:11:46","guid":{"rendered":"http:\/\/www.fumssar.com.br\/?p=2033"},"modified":"2024-10-07T16:36:18","modified_gmt":"2024-10-07T19:36:18","slug":"benvegnu-esteve-reunido-com-equipe-da-unidade-de-saude-do-bairro-gloria","status":"publish","type":"post","link":"https:\/\/www.fumssar.com.br\/?p=2033","title":{"rendered":"Benvegn\u00fa esteve reunido com equipe da Unidade de Sa\u00fade do Bairro Gl\u00f3ria"},"content":{"rendered":"<p>O Presidente da Funda\u00e7\u00e3o Municipal de Sa\u00fade Dr. Lu\u00eds Ant\u00f4nio Benvegn\u00fa esteve participando na tarde desta quinta-feira (10), durante a reuni\u00e3o de equipe da Unidade B\u00e1sica de Sa\u00fade do Bairro Gl\u00f3ria. Na oportunidade Benvegn\u00fa discutiu assuntos de interesse da Unidade e tamb\u00e9m anunciou\u00a0 que est\u00e1 previsto a realiza\u00e7\u00e3o\u00a0 uma pequena reforma das instala\u00e7\u00f5es da mesma. O presidente\u00a0 disse que o investimento ser\u00e1 de R$ 30 mil e ser\u00e3o aplicados em reparos no telhado, nas paredes entre outros bem como a pintura geral do pr\u00e9dio. Ele destacou tamb\u00e9m que a edifica\u00e7\u00e3o tem cerca\u00a0 de 15 anos e que futuramente\u00a0 a inten\u00e7\u00e3o \u00e9 de construir uma unidade nova\u00a0 no local. Benvegn\u00fa esteve reunido tamb\u00e9m com o l\u00edder comunit\u00e1rio Arno Schulz que\u00a0\u00a0 est\u00e1 inserido no processo de reforma da unidade de sa\u00fade.<\/p>\n<p>&nbsp;<\/p>\n<p>&nbsp;<\/p>\n","protected":false},"excerpt":{"rendered":"<p>O Presidente da Funda\u00e7\u00e3o Municipal de Sa\u00fade Dr. Lu\u00eds Ant\u00f4nio Benvegn\u00fa esteve participando na tarde&#8230;<\/p>\n","protected":false},"author":11,"featured_media":2037,"comment_status":"open","ping_status":"open","sticky":false,"template":"","format":"standard","meta":{"footnotes":""},"categories":[2],"tags":[],"_links":{"self":[{"href":"https:\/\/www.fumssar.com.br\/index.php?rest_route=\/wp\/v2\/posts\/2033"}],"collection":[{"href":"https:\/\/www.fumssar.com.br\/index.php?rest_route=\/wp\/v2\/posts"}],"about":[{"href":"https:\/\/www.fumssar.com.br\/index.php?rest_route=\/wp\/v2\/types\/post"}],"author":[{"embeddable":true,"href":"https:\/\/www.fumssar.com.br\/index.php?rest_route=\/wp\/v2\/users\/11"}],"replies":[{"embeddable":true,"href":"https:\/\/www.fumssar.com.br\/index.php?rest_route=%2Fwp%2Fv2%2Fcomments&post=2033"}],"version-history":[{"count":1,"href":"https:\/\/www.fumssar.com.br\/index.php?rest_route=\/wp\/v2\/posts\/2033\/revisions"}],"predecessor-version":[{"id":2036,"href":"https:\/\/www.fumssar.com.br\/index.php?rest_route=\/wp\/v2\/posts\/2033\/revisions\/2036"}],"wp:featuredmedia":[{"embeddable":true,"href":"https:\/\/www.fumssar.com.br\/index.php?rest_route=\/wp\/v2\/media\/2037"}],"wp:attachment":[{"href":"https:\/\/www.fumssar.com.br\/index.php?rest_route=%2Fwp%2Fv2%2Fmedia&parent=2033"}],"wp:term":[{"taxonomy":"category","embeddable":true,"href":"https:\/\/www.fumssar.com.br\/index.php?rest_route=%2Fwp%2Fv2%2Fcategories&post=2033"},{"taxonomy":"post_tag","embeddable":true,"href":"https:\/\/www.fumssar.com.br\/index.php?rest_route=%2Fwp%2Fv2%2Ftags&post=2033"}],"curies":[{"name":"wp","href":"https:\/\/api.w.org\/{rel}","templated":true}]}}