{"id":20309,"date":"2022-02-14T11:41:50","date_gmt":"2022-02-14T14:41:50","guid":{"rendered":"http:\/\/www.fumssar.com.br\/?p=20309"},"modified":"2024-10-07T16:33:21","modified_gmt":"2024-10-07T19:33:21","slug":"fumssar-realizou-mutirao-de-vacinacao-conta-a-covid-19","status":"publish","type":"post","link":"https:\/\/www.fumssar.com.br\/?p=20309","title":{"rendered":"FUMSSAR realizou mutir\u00e3o de vacina\u00e7\u00e3o conta a COVID-19"},"content":{"rendered":"\n<figure class=\"wp-block-image\"><img loading=\"lazy\" decoding=\"async\" width=\"1024\" height=\"768\" src=\"https:\/\/www.fumssar.com.br\/wp-content\/uploads\/2022\/02\/WhatsApp-Image-2022-02-14-at-11.19.02-1024x768.jpeg\" alt=\"\" class=\"wp-image-20310\" srcset=\"https:\/\/www.fumssar.com.br\/wp-content\/uploads\/2022\/02\/WhatsApp-Image-2022-02-14-at-11.19.02-1024x768.jpeg 1024w, https:\/\/www.fumssar.com.br\/wp-content\/uploads\/2022\/02\/WhatsApp-Image-2022-02-14-at-11.19.02-300x225.jpeg 300w, https:\/\/www.fumssar.com.br\/wp-content\/uploads\/2022\/02\/WhatsApp-Image-2022-02-14-at-11.19.02-768x576.jpeg 768w, https:\/\/www.fumssar.com.br\/wp-content\/uploads\/2022\/02\/WhatsApp-Image-2022-02-14-at-11.19.02.jpeg 1156w\" sizes=\"(max-width: 1024px) 100vw, 1024px\" \/><\/figure>\n\n\n\n<p>A Funda\u00e7\u00e3o Municipal de Sa\u00fade de Santa Rosa realizou no s\u00e1bado (12), das 09h \u00e0s 15h, um mutir\u00e3o de vacina\u00e7\u00e3o contra a COVID-19. O mutir\u00e3o aconteceu em todas as Unidades B\u00e1sicas de Sa\u00fade para a imuniza\u00e7\u00e3o de crian\u00e7as de 5 a 11 anos e na Central de Vacinas, com a aplica\u00e7\u00e3o de todas as doses, para pessoas a partir dos 12 anos. Ao todo, foram realizadas 801 doses. <\/p>\n\n\n\n<p>A partir desta segunda-feira (14), a vacina\u00e7\u00e3o segue sendo realizada em crian\u00e7as de 05 a 11 anos, em todas as Unidades B\u00e1sicas de Sa\u00fade, com agendamento pr\u00e9vio. As crian\u00e7as que forem se vacinar precisam ir acompanhadas dos pais ou respons\u00e1veis e levar junto certid\u00e3o de nascimento, cart\u00e3o SUS e a caderneta de vacina\u00e7\u00e3o. Na Central de Vacinas da FUMSSAR, s\u00e3o aplicadas todas as doses: dose um (D1), dose dois (D2) e a dose de refor\u00e7o (DR). As primeiras doses (D1) est\u00e3o dispon\u00edveis por faixa et\u00e1ria, para pessoas a partir dos 12 anos. As segundas doses (D2) de Coronavac s\u00e3o realizadas ap\u00f3s 28 dias da primeira dose. Astrazeneca e Pfizer, ap\u00f3s oito semanas da primeira aplica\u00e7\u00e3o. As doses de refor\u00e7o (DR) s\u00e3o realizadas para pessoas acima de 18 anos que fizeram a segunda dose h\u00e1 04 meses. No caso do imunizante da Janssen, a Dose de Refor\u00e7o \u00e9 realizada com um intervalo de 2 a 6 meses ap\u00f3s a primeira dose.<\/p>\n\n\n\n<p>Para realizar a imuniza\u00e7\u00e3o, \u00e9 necess\u00e1rio levar documento com foto, CPF, cart\u00e3o SUS e a caderneta de vacina\u00e7\u00e3o. Os jovens, dos 12 aos 15 anos, precisam ir acompanhados dos pais ou respons\u00e1vel legal. A Central de Vacinas da FUMSSAR fica localizada na Rua Dr. Francisco Timm, 480 &#8211; centro, no subsolo (entrada pela lateral). O hor\u00e1rio de atendimento \u00e9 das 07h30 \u00e0s 11h e das 13h30 \u00e0s 17h. Nas quartas-feiras, o hor\u00e1rio \u00e9 estendido at\u00e9 \u00e0s 19h30. N\u00e3o \u00e9 necess\u00e1rio realizar o agendamento. O atendimento acontece por ordem de chegada. A Aten\u00e7\u00e3o Prim\u00e1ria em Sa\u00fade informa tamb\u00e9m que a partir desta segunda-feira(14), a Sentinela do Centro n\u00e3o vai estar mais em funcionamento. Os atendimentos para sintomas gripais e testes de COVID-19 v\u00e3o ser realizados no acolhimento das Unidades B\u00e1sicas de Sa\u00fade.<\/p>\n","protected":false},"excerpt":{"rendered":"<p>A Funda\u00e7\u00e3o Municipal de Sa\u00fade de Santa Rosa realizou no s\u00e1bado (12), das 09h \u00e0s&#8230;<\/p>\n","protected":false},"author":36,"featured_media":20310,"comment_status":"closed","ping_status":"closed","sticky":false,"template":"","format":"standard","meta":{"footnotes":""},"categories":[152,2],"tags":[],"_links":{"self":[{"href":"https:\/\/www.fumssar.com.br\/index.php?rest_route=\/wp\/v2\/posts\/20309"}],"collection":[{"href":"https:\/\/www.fumssar.com.br\/index.php?rest_route=\/wp\/v2\/posts"}],"about":[{"href":"https:\/\/www.fumssar.com.br\/index.php?rest_route=\/wp\/v2\/types\/post"}],"author":[{"embeddable":true,"href":"https:\/\/www.fumssar.com.br\/index.php?rest_route=\/wp\/v2\/users\/36"}],"replies":[{"embeddable":true,"href":"https:\/\/www.fumssar.com.br\/index.php?rest_route=%2Fwp%2Fv2%2Fcomments&post=20309"}],"version-history":[{"count":1,"href":"https:\/\/www.fumssar.com.br\/index.php?rest_route=\/wp\/v2\/posts\/20309\/revisions"}],"predecessor-version":[{"id":20311,"href":"https:\/\/www.fumssar.com.br\/index.php?rest_route=\/wp\/v2\/posts\/20309\/revisions\/20311"}],"wp:featuredmedia":[{"embeddable":true,"href":"https:\/\/www.fumssar.com.br\/index.php?rest_route=\/wp\/v2\/media\/20310"}],"wp:attachment":[{"href":"https:\/\/www.fumssar.com.br\/index.php?rest_route=%2Fwp%2Fv2%2Fmedia&parent=20309"}],"wp:term":[{"taxonomy":"category","embeddable":true,"href":"https:\/\/www.fumssar.com.br\/index.php?rest_route=%2Fwp%2Fv2%2Fcategories&post=20309"},{"taxonomy":"post_tag","embeddable":true,"href":"https:\/\/www.fumssar.com.br\/index.php?rest_route=%2Fwp%2Fv2%2Ftags&post=20309"}],"curies":[{"name":"wp","href":"https:\/\/api.w.org\/{rel}","templated":true}]}}