{"id":20300,"date":"2022-02-11T17:06:41","date_gmt":"2022-02-11T20:06:41","guid":{"rendered":"http:\/\/www.fumssar.com.br\/?p=20300"},"modified":"2024-10-07T16:33:21","modified_gmt":"2024-10-07T19:33:21","slug":"sabado-e-dia-de-mutirao-contra-a-covid-19","status":"publish","type":"post","link":"https:\/\/www.fumssar.com.br\/?p=20300","title":{"rendered":"S\u00e1bado \u00e9 dia de mutir\u00e3o contra a COVID-19"},"content":{"rendered":"\n<ul class=\"wp-block-gallery columns-2 is-cropped wp-block-gallery-1 is-layout-flex wp-block-gallery-is-layout-flex\"><li class=\"blocks-gallery-item\"><figure><img loading=\"lazy\" decoding=\"async\" width=\"1024\" height=\"1024\" src=\"http:\/\/www.fumssar.com.br\/wp-content\/uploads\/2022\/02\/WhatsApp-Image-2022-02-11-at-14.54.36-1024x1024.jpeg\" alt=\"\" data-id=\"20301\" data-link=\"http:\/\/www.fumssar.com.br\/?attachment_id=20301\" class=\"wp-image-20301\" srcset=\"https:\/\/www.fumssar.com.br\/wp-content\/uploads\/2022\/02\/WhatsApp-Image-2022-02-11-at-14.54.36-1024x1024.jpeg 1024w, https:\/\/www.fumssar.com.br\/wp-content\/uploads\/2022\/02\/WhatsApp-Image-2022-02-11-at-14.54.36-150x150.jpeg 150w, https:\/\/www.fumssar.com.br\/wp-content\/uploads\/2022\/02\/WhatsApp-Image-2022-02-11-at-14.54.36-300x300.jpeg 300w, https:\/\/www.fumssar.com.br\/wp-content\/uploads\/2022\/02\/WhatsApp-Image-2022-02-11-at-14.54.36-768x768.jpeg 768w, https:\/\/www.fumssar.com.br\/wp-content\/uploads\/2022\/02\/WhatsApp-Image-2022-02-11-at-14.54.36.jpeg 1080w\" sizes=\"(max-width: 1024px) 100vw, 1024px\" \/><\/figure><\/li><li class=\"blocks-gallery-item\"><figure><img loading=\"lazy\" decoding=\"async\" width=\"1024\" height=\"1024\" src=\"http:\/\/www.fumssar.com.br\/wp-content\/uploads\/2022\/02\/Post-de-Instagram-com-aviso-de-estabelecimento-fechado-no-feriado-11-1024x1024.png\" alt=\"\" data-id=\"20304\" data-link=\"http:\/\/www.fumssar.com.br\/?attachment_id=20304\" class=\"wp-image-20304\" srcset=\"https:\/\/www.fumssar.com.br\/wp-content\/uploads\/2022\/02\/Post-de-Instagram-com-aviso-de-estabelecimento-fechado-no-feriado-11-1024x1024.png 1024w, https:\/\/www.fumssar.com.br\/wp-content\/uploads\/2022\/02\/Post-de-Instagram-com-aviso-de-estabelecimento-fechado-no-feriado-11-150x150.png 150w, https:\/\/www.fumssar.com.br\/wp-content\/uploads\/2022\/02\/Post-de-Instagram-com-aviso-de-estabelecimento-fechado-no-feriado-11-300x300.png 300w, https:\/\/www.fumssar.com.br\/wp-content\/uploads\/2022\/02\/Post-de-Instagram-com-aviso-de-estabelecimento-fechado-no-feriado-11-768x768.png 768w, https:\/\/www.fumssar.com.br\/wp-content\/uploads\/2022\/02\/Post-de-Instagram-com-aviso-de-estabelecimento-fechado-no-feriado-11.png 1080w\" sizes=\"(max-width: 1024px) 100vw, 1024px\" \/><\/figure><\/li><\/ul>\n\n\n\n<p>A Funda\u00e7\u00e3o Municipal de Sa\u00fade de Santa Rosa vai realizar no s\u00e1bado (12), um mutir\u00e3o de vacina\u00e7\u00e3o contra a COVID-19. A imuniza\u00e7\u00e3o vai acontecer em todas as Unidades B\u00e1sicas de Sa\u00fade*, para as crian\u00e7as de 05 a 11 anos. Para o p\u00fablico a partir dos 12 anos, a aplica\u00e7\u00e3o vai ser realizada na Central de Vacinas da FUMSSAR. O mutir\u00e3o acontece das 09h \u00e0s 15h em todos os locais. N\u00e3o \u00e9 necess\u00e1rio realizar o agendamento. O atendimento acontece por ordem de chegada. As crian\u00e7as que forem se vacinar precisam vir acompanhadas dos pais ou respons\u00e1veis e levar junto certid\u00e3o de nascimento, cart\u00e3o SUS e a caderneta de vacina\u00e7\u00e3o.<\/p>\n\n\n\n<p>Na Central, v\u00e3o ser realizadas todas as doses: dose um (D1), dose dois (D2) e a dose de refor\u00e7o (DR).  As segundas doses (D2) de Coronavac s\u00e3o realizadas ap\u00f3s 28 dias da primeira dose. Astrazeneca e Pfizer, ap\u00f3s oito semanas da primeira aplica\u00e7\u00e3o. As doses de refor\u00e7o (DR) est\u00e3o dispon\u00edveis para pessoas acima de 18 anos que realizaram a segunda dose h\u00e1 04 meses. No caso do imunizante da Janssen, a Dose de Refor\u00e7o \u00e9 realizada com um intervalo de 2 a 6 meses ap\u00f3s a primeira dose. Os cidad\u00e3os que forem se vacinar, precisam levar documento com foto, CPF, cart\u00e3o SUS e a caderneta de vacina\u00e7\u00e3o. Os jovens, dos 12 aos 15 anos, precisam ir acompanhados dos pais ou respons\u00e1vel legal. A Central de Vacinas da FUMSSAR fica localizada na Rua Dr. Francisco Timm, 480 \u2013 centro, no subsolo (entrada pela lateral). <\/p>\n\n\n\n<p>At\u00e9 o momento, j\u00e1 foram realizadas 144.515 vacinas. Do total, 63.398 foram de D1 (Primeira Dose), essa quantidade corresponde a 85% da popula\u00e7\u00e3o vacinada, 56.941 de D2 (Segunda Dose) e 2.264 de D.U (Dose \u00fanica), sendo assim temos 59.205 pessoas com a imuniza\u00e7\u00e3o completa, 80% dos santa-rosenses. Al\u00e9m disso, temos 21.912 D.R (Doses de Refor\u00e7o) aplicadas, ou seja, 37% das pessoas que j\u00e1 tem a segunda dose ou a dose \u00fanica realizaram a dose de refor\u00e7o.<br><br>*Com exce\u00e7\u00e3o das UBS: Guia Lopes, Sete de Setembro e Bela Uni\u00e3o.<\/p>\n","protected":false},"excerpt":{"rendered":"<p>A Funda\u00e7\u00e3o Municipal de Sa\u00fade de Santa Rosa vai realizar no s\u00e1bado (12), um mutir\u00e3o&#8230;<\/p>\n","protected":false},"author":36,"featured_media":20301,"comment_status":"closed","ping_status":"closed","sticky":false,"template":"","format":"standard","meta":{"footnotes":""},"categories":[152,2],"tags":[],"_links":{"self":[{"href":"https:\/\/www.fumssar.com.br\/index.php?rest_route=\/wp\/v2\/posts\/20300"}],"collection":[{"href":"https:\/\/www.fumssar.com.br\/index.php?rest_route=\/wp\/v2\/posts"}],"about":[{"href":"https:\/\/www.fumssar.com.br\/index.php?rest_route=\/wp\/v2\/types\/post"}],"author":[{"embeddable":true,"href":"https:\/\/www.fumssar.com.br\/index.php?rest_route=\/wp\/v2\/users\/36"}],"replies":[{"embeddable":true,"href":"https:\/\/www.fumssar.com.br\/index.php?rest_route=%2Fwp%2Fv2%2Fcomments&post=20300"}],"version-history":[{"count":2,"href":"https:\/\/www.fumssar.com.br\/index.php?rest_route=\/wp\/v2\/posts\/20300\/revisions"}],"predecessor-version":[{"id":20305,"href":"https:\/\/www.fumssar.com.br\/index.php?rest_route=\/wp\/v2\/posts\/20300\/revisions\/20305"}],"wp:featuredmedia":[{"embeddable":true,"href":"https:\/\/www.fumssar.com.br\/index.php?rest_route=\/wp\/v2\/media\/20301"}],"wp:attachment":[{"href":"https:\/\/www.fumssar.com.br\/index.php?rest_route=%2Fwp%2Fv2%2Fmedia&parent=20300"}],"wp:term":[{"taxonomy":"category","embeddable":true,"href":"https:\/\/www.fumssar.com.br\/index.php?rest_route=%2Fwp%2Fv2%2Fcategories&post=20300"},{"taxonomy":"post_tag","embeddable":true,"href":"https:\/\/www.fumssar.com.br\/index.php?rest_route=%2Fwp%2Fv2%2Ftags&post=20300"}],"curies":[{"name":"wp","href":"https:\/\/api.w.org\/{rel}","templated":true}]}}