{"id":20286,"date":"2022-02-10T14:42:27","date_gmt":"2022-02-10T17:42:27","guid":{"rendered":"http:\/\/www.fumssar.com.br\/?p=20286"},"modified":"2024-10-07T16:33:22","modified_gmt":"2024-10-07T19:33:22","slug":"cer-de-santa-rosa-realiza-capacitacao-para-profissionais-da-educacao","status":"publish","type":"post","link":"https:\/\/www.fumssar.com.br\/?p=20286","title":{"rendered":"CER de Santa Rosa realiza capacita\u00e7\u00e3o para profissionais da Educa\u00e7\u00e3o"},"content":{"rendered":"\n<figure class=\"wp-block-image\"><img loading=\"lazy\" decoding=\"async\" width=\"1024\" height=\"768\" src=\"http:\/\/www.fumssar.com.br\/wp-content\/uploads\/2022\/02\/WhatsApp-Image-2022-02-09-at-07.34.38-1024x768.jpeg\" alt=\"\" class=\"wp-image-20287\" srcset=\"https:\/\/www.fumssar.com.br\/wp-content\/uploads\/2022\/02\/WhatsApp-Image-2022-02-09-at-07.34.38-1024x768.jpeg 1024w, https:\/\/www.fumssar.com.br\/wp-content\/uploads\/2022\/02\/WhatsApp-Image-2022-02-09-at-07.34.38-300x225.jpeg 300w, https:\/\/www.fumssar.com.br\/wp-content\/uploads\/2022\/02\/WhatsApp-Image-2022-02-09-at-07.34.38-768x576.jpeg 768w, https:\/\/www.fumssar.com.br\/wp-content\/uploads\/2022\/02\/WhatsApp-Image-2022-02-09-at-07.34.38.jpeg 1156w\" sizes=\"(max-width: 1024px) 100vw, 1024px\" \/><\/figure>\n\n\n\n<p>A equipe t\u00e9cnica do Centro Especializado em Reabilita\u00e7\u00e3o Auditiva e Intelectual (CER II Santa Rosa), realizou nesta semana, uma capacita\u00e7\u00e3o com os professores do Atendimento Educacional Especializado (AEE), Centro de Atendimento Educacional Especializado (CAEE) e com psic\u00f3logas da Secretaria de Educa\u00e7\u00e3o de Santa Rosa. <\/p>\n\n\n\n<p>A fonoaudi\u00f3loga e Coordenadora do CER II, Micheli Pes, junto com a psic\u00f3loga Franciele Bach, abordaram a seguinte tem\u00e1tica: \u201cInterface entre a Reabilita\u00e7\u00e3o Intelectual e Educa\u00e7\u00e3o\u201d. Na oportunidade, foi explanado sobre defici\u00eancia intelectual, esclarecendo conceito, formas de avalia\u00e7\u00e3o e diagn\u00f3stico. Al\u00e9m disso, as palestrantes falaram sobre a avalia\u00e7\u00e3o do diagn\u00f3stico diferencial, tratando conte\u00fados como: dislexia, discalculia, disgrafia e dificuldades auditivas.<\/p>\n\n\n\n<p>A Coordenadora do CER II, Micheli Pes, destacou a import\u00e2ncia da capacita\u00e7\u00e3o, \u201cAl\u00e9m de ampliar o conhecimento, a forma\u00e7\u00e3o teve como objetivo fortalecer os elos entre as \u00e1reas da educa\u00e7\u00e3o e sa\u00fade, proporcionando um melhor trabalho em conjunto para beneficiar cada vez mais, crian\u00e7as e adolescentes com diagn\u00f3stico de d\u00e9ficit intelectual, dislexia, discalculia e disgrafia\u201d. Ao todo, 20 profissionais da educa\u00e7\u00e3o participaram da forma\u00e7\u00e3o. O encontro aconteceu no turno da tarde, no audit\u00f3rio do CEREST, com muitas trocas e amplia\u00e7\u00e3o de conhecimento.<\/p>\n","protected":false},"excerpt":{"rendered":"<p>A equipe t\u00e9cnica do Centro Especializado em Reabilita\u00e7\u00e3o Auditiva e Intelectual (CER II Santa Rosa),&#8230;<\/p>\n","protected":false},"author":36,"featured_media":20287,"comment_status":"closed","ping_status":"closed","sticky":false,"template":"","format":"standard","meta":{"footnotes":""},"categories":[2],"tags":[],"_links":{"self":[{"href":"https:\/\/www.fumssar.com.br\/index.php?rest_route=\/wp\/v2\/posts\/20286"}],"collection":[{"href":"https:\/\/www.fumssar.com.br\/index.php?rest_route=\/wp\/v2\/posts"}],"about":[{"href":"https:\/\/www.fumssar.com.br\/index.php?rest_route=\/wp\/v2\/types\/post"}],"author":[{"embeddable":true,"href":"https:\/\/www.fumssar.com.br\/index.php?rest_route=\/wp\/v2\/users\/36"}],"replies":[{"embeddable":true,"href":"https:\/\/www.fumssar.com.br\/index.php?rest_route=%2Fwp%2Fv2%2Fcomments&post=20286"}],"version-history":[{"count":1,"href":"https:\/\/www.fumssar.com.br\/index.php?rest_route=\/wp\/v2\/posts\/20286\/revisions"}],"predecessor-version":[{"id":20288,"href":"https:\/\/www.fumssar.com.br\/index.php?rest_route=\/wp\/v2\/posts\/20286\/revisions\/20288"}],"wp:featuredmedia":[{"embeddable":true,"href":"https:\/\/www.fumssar.com.br\/index.php?rest_route=\/wp\/v2\/media\/20287"}],"wp:attachment":[{"href":"https:\/\/www.fumssar.com.br\/index.php?rest_route=%2Fwp%2Fv2%2Fmedia&parent=20286"}],"wp:term":[{"taxonomy":"category","embeddable":true,"href":"https:\/\/www.fumssar.com.br\/index.php?rest_route=%2Fwp%2Fv2%2Fcategories&post=20286"},{"taxonomy":"post_tag","embeddable":true,"href":"https:\/\/www.fumssar.com.br\/index.php?rest_route=%2Fwp%2Fv2%2Ftags&post=20286"}],"curies":[{"name":"wp","href":"https:\/\/api.w.org\/{rel}","templated":true}]}}