{"id":20264,"date":"2022-02-08T17:45:44","date_gmt":"2022-02-08T20:45:44","guid":{"rendered":"http:\/\/www.fumssar.com.br\/?p=20264"},"modified":"2024-10-07T16:33:22","modified_gmt":"2024-10-07T19:33:22","slug":"vacinacao-contra-a-covid-19-7","status":"publish","type":"post","link":"https:\/\/www.fumssar.com.br\/?p=20264","title":{"rendered":"Vacina\u00e7\u00e3o contra a COVID-19"},"content":{"rendered":"\n<figure class=\"wp-block-image\"><img loading=\"lazy\" decoding=\"async\" width=\"1024\" height=\"576\" src=\"https:\/\/www.fumssar.com.br\/wp-content\/uploads\/2022\/02\/IMG-20220208-WA0054-1024x576.jpg\" alt=\"\" class=\"wp-image-20265\" srcset=\"https:\/\/www.fumssar.com.br\/wp-content\/uploads\/2022\/02\/IMG-20220208-WA0054-1024x576.jpg 1024w, https:\/\/www.fumssar.com.br\/wp-content\/uploads\/2022\/02\/IMG-20220208-WA0054-300x169.jpg 300w, https:\/\/www.fumssar.com.br\/wp-content\/uploads\/2022\/02\/IMG-20220208-WA0054-768x432.jpg 768w, https:\/\/www.fumssar.com.br\/wp-content\/uploads\/2022\/02\/IMG-20220208-WA0054.jpg 1280w\" sizes=\"(max-width: 1024px) 100vw, 1024px\" \/><\/figure>\n\n\n\n<p> A Funda\u00e7\u00e3o Municipal de Sa\u00fade de Santa Rosa segue realizando a vacina\u00e7\u00e3o contra a COVID-19 no munic\u00edpio. A imuniza\u00e7\u00e3o pode ser feita em crian\u00e7as de 05 a 11 anos, em todas as Unidades B\u00e1sicas de Sa\u00fade, com agendamento pr\u00e9vio. Na Central de Vacinas da FUMSSAR, com a aplica\u00e7\u00e3o de todas as doses: dose um (D1), dose dois (D2) e a dose de refor\u00e7o (DR). Sendo que na Central, as primeiras doses (D1) s\u00e3o aplicadas por faixa et\u00e1ria, para pessoas a partir dos 12 anos. As segundas doses (D2) de Coronavac s\u00e3o realizadas ap\u00f3s 28 dias da primeira dose. Astrazeneca e Pfizer, ap\u00f3s oito semanas da primeira aplica\u00e7\u00e3o. As doses de refor\u00e7o (DR) est\u00e3o dispon\u00edveis para pessoas acima de 18 anos que realizaram a segunda dose h\u00e1 04 meses. No caso do imunizante da Janssen, a Dose de Refor\u00e7o \u00e9 realizada com um intervalo de 2 a 6 meses ap\u00f3s a primeira dose.<\/p>\n\n\n\n<p>As crian\u00e7as que forem se vacinar precisam vir acompanhadas dos pais ou respons\u00e1veis e levar junto certid\u00e3o de nascimento, cart\u00e3o SUS e a caderneta de vacina\u00e7\u00e3o. Para os cidad\u00e3os que forem realizar a vacina\u00e7\u00e3o na Central de Vacinas, \u00e9 necess\u00e1rio levar documento com foto, CPF, cart\u00e3o SUS e a caderneta de vacina\u00e7\u00e3o. Os jovens, dos 12 aos 15 anos, precisam ir acompanhados dos pais ou respons\u00e1vel legal. A Central de Vacinas da FUMSSAR fica localizada na Rua Dr. Francisco Timm, 480 &#8211; centro, no subsolo (entrada pela lateral). O hor\u00e1rio de atendimento \u00e9 das 07h30 \u00e0s 11h e das 13h30 \u00e0s 17h00. Nas quartas-feiras, o hor\u00e1rio \u00e9 estendido at\u00e9 \u00e0s 19h30. N\u00e3o \u00e9 necess\u00e1rio realizar o agendamento. O atendimento acontece por ordem de chegada.<\/p>\n\n\n\n<p> At\u00e9 o momento, j\u00e1 foram realizadas 143.662 vacinas. Do total, 63.180 foram de D1 (Primeira Dose), essa quantidade corresponde a 86% da popula\u00e7\u00e3o vacinada 56.826 de D2 (Segunda Dose) e 2.264 de D.U (Dose \u00fanica), sendo assim temos 59.090 pessoas com a imuniza\u00e7\u00e3o completa, 80% dos santa-rosenses. Al\u00e9m disso, temos 21.392 D.R (Dose de Refor\u00e7o) aplicadas, ou seja, 36% das pessoas que j\u00e1 tem a segunda dose ou a dose \u00fanica realizaram a dose de refor\u00e7o.<\/p>\n","protected":false},"excerpt":{"rendered":"<p>A Funda\u00e7\u00e3o Municipal de Sa\u00fade de Santa Rosa segue realizando a vacina\u00e7\u00e3o contra a COVID-19&#8230;<\/p>\n","protected":false},"author":36,"featured_media":20265,"comment_status":"closed","ping_status":"closed","sticky":false,"template":"","format":"standard","meta":{"footnotes":""},"categories":[152,2],"tags":[],"_links":{"self":[{"href":"https:\/\/www.fumssar.com.br\/index.php?rest_route=\/wp\/v2\/posts\/20264"}],"collection":[{"href":"https:\/\/www.fumssar.com.br\/index.php?rest_route=\/wp\/v2\/posts"}],"about":[{"href":"https:\/\/www.fumssar.com.br\/index.php?rest_route=\/wp\/v2\/types\/post"}],"author":[{"embeddable":true,"href":"https:\/\/www.fumssar.com.br\/index.php?rest_route=\/wp\/v2\/users\/36"}],"replies":[{"embeddable":true,"href":"https:\/\/www.fumssar.com.br\/index.php?rest_route=%2Fwp%2Fv2%2Fcomments&post=20264"}],"version-history":[{"count":1,"href":"https:\/\/www.fumssar.com.br\/index.php?rest_route=\/wp\/v2\/posts\/20264\/revisions"}],"predecessor-version":[{"id":20266,"href":"https:\/\/www.fumssar.com.br\/index.php?rest_route=\/wp\/v2\/posts\/20264\/revisions\/20266"}],"wp:featuredmedia":[{"embeddable":true,"href":"https:\/\/www.fumssar.com.br\/index.php?rest_route=\/wp\/v2\/media\/20265"}],"wp:attachment":[{"href":"https:\/\/www.fumssar.com.br\/index.php?rest_route=%2Fwp%2Fv2%2Fmedia&parent=20264"}],"wp:term":[{"taxonomy":"category","embeddable":true,"href":"https:\/\/www.fumssar.com.br\/index.php?rest_route=%2Fwp%2Fv2%2Fcategories&post=20264"},{"taxonomy":"post_tag","embeddable":true,"href":"https:\/\/www.fumssar.com.br\/index.php?rest_route=%2Fwp%2Fv2%2Ftags&post=20264"}],"curies":[{"name":"wp","href":"https:\/\/api.w.org\/{rel}","templated":true}]}}