{"id":20255,"date":"2022-02-07T17:40:48","date_gmt":"2022-02-07T20:40:48","guid":{"rendered":"http:\/\/www.fumssar.com.br\/?p=20255"},"modified":"2024-10-07T16:33:39","modified_gmt":"2024-10-07T19:33:39","slug":"mais-de-1-200-participantes-no-i-forum-macrorregional-do-transtorno-do-espectro-autista","status":"publish","type":"post","link":"https:\/\/www.fumssar.com.br\/?p=20255","title":{"rendered":"Mais de 1.200 participantes no I F\u00f3rum Macrorregional do Transtorno do Espectro Autista"},"content":{"rendered":"\n<figure class=\"wp-block-image\"><img loading=\"lazy\" decoding=\"async\" width=\"1024\" height=\"768\" src=\"http:\/\/www.fumssar.com.br\/wp-content\/uploads\/2022\/02\/WhatsApp-Image-2022-02-07-at-17.05.12-1024x768.jpeg\" alt=\"\" class=\"wp-image-20256\" srcset=\"https:\/\/www.fumssar.com.br\/wp-content\/uploads\/2022\/02\/WhatsApp-Image-2022-02-07-at-17.05.12-1024x768.jpeg 1024w, https:\/\/www.fumssar.com.br\/wp-content\/uploads\/2022\/02\/WhatsApp-Image-2022-02-07-at-17.05.12-300x225.jpeg 300w, https:\/\/www.fumssar.com.br\/wp-content\/uploads\/2022\/02\/WhatsApp-Image-2022-02-07-at-17.05.12-768x576.jpeg 768w, https:\/\/www.fumssar.com.br\/wp-content\/uploads\/2022\/02\/WhatsApp-Image-2022-02-07-at-17.05.12.jpeg 1156w\" sizes=\"(max-width: 1024px) 100vw, 1024px\" \/><\/figure>\n\n\n\n<p>A Funda\u00e7\u00e3o Municipal de Sa\u00fade em parceria com o CMR TEAcolhe Santa Rosa, realizou na sexta-feira (04), o I F\u00f3rum Macrorregional do Transtorno do Espectro Autista: Um olhar para a educa\u00e7\u00e3o. O evento aconteceu de forma online e foi transmitido pelo canal da MacroTEA, na plataforma Youtube. O F\u00f3rum contou com a representa\u00e7\u00e3o de 67 munic\u00edpios, inclusive com espectadores da Bahia, Sergipe e Mato Grosso. Ao todo, foram realizadas 1.200 inscri\u00e7\u00f5es para participar do evento e o conte\u00fado j\u00e1 teve at\u00e9 o momento, 2.400 visualiza\u00e7\u00f5es.<\/p>\n\n\n\n<p>O objetivo do F\u00f3rum foi trazer uma proposta voltada para a educa\u00e7\u00e3o, com conte\u00fados que trazem mais qualifica\u00e7\u00e3o para os profissionais desta \u00e1rea. O presidente da FUMSSAR, D\u00e9lcio Stefan, destacou a import\u00e2ncia do evento, \u201cTivemos um excelente F\u00f3rum, com a presen\u00e7a de diferentes tem\u00e1ticas do TEA e que proporcionou aos profissionais da educa\u00e7\u00e3o um avan\u00e7o na qualifica\u00e7\u00e3o e capacita\u00e7\u00e3o, nesse momento em que iniciam mais um per\u00edodo letivo\u201d. <\/p>\n\n\n\n<p>O evento contou com a presen\u00e7a de diversas autoridades entre elas, o Vice-Prefeito Aldemir Ulrich, a Secret\u00e1ria de Educa\u00e7\u00e3o, Lires Zimmermann F\u00fchr, a Secret\u00e1ria de Desenvolvimento Social, Rita Strasser, o Presidente do COSEMS, Maicom Lemos, o Deputado Estadual, Eduardo Loureiro, propositor da Lei 15.322\/2019 que oportunizou um programa de atendimento integrado aos autistas do Rio Grande do Sul e a Secret\u00e1ria de Sa\u00fade Adjunta da SES\/RS, Ana Costa que representou tamb\u00e9m o Governo do Rio Grande do Sul. No turno da manh\u00e3, foram abordados temas como: \u201cAten\u00e7\u00e3o compartilhada e Identifica\u00e7\u00e3o de Sinais de Risco para o TEA\u201d pela Dra. Regina Basso Zanon &#8211; Docente na Universidade Federal da Grande Dourados (UFGD). Ainda no turno da manh\u00e3, o Centro de Atendimento Educacional Especializado (CAEE) trouxe um relato da experi\u00eancia no atendimento de crian\u00e7as com TEA. Na parte da tarde, a Dra. Ta\u00eds Guareschi de Souza e a Dra. M\u00e1rcia Alves, docentes da Universidade Federal de Santa Maria (UFSM) falaram sobre: \u201cAlunos com autismo na escola: algumas tessituras sobre as pr\u00e1ticas pedag\u00f3gicas\u201d e a equipe do CMR TEAcolhe de Santa Rosa abordou o tema: \u201cO desenvolvimento da Linguagem na pessoa com TEA\u201d. A Coordenadora do CMR TEAcolhe Santa Rosa, Fl\u00e1via Albuquerque, falou sobre o trabalho que vem sendo desenvolvido pelo Centro, &#8220;O servi\u00e7o vem cumprindo seu papel, que \u00e9 melhorar a qualidade dos servi\u00e7os da sa\u00fade, educa\u00e7\u00e3o e assist\u00eancia social atrav\u00e9s da capacita\u00e7\u00e3o e treinamento dos profissionais que atuam com o autismo, gerando mais qualidade de vida aos autistas e suas fam\u00edlias&#8221;.<\/p>\n\n\n\n<p>Para visualizar o conte\u00fado do I F\u00f3rum Macrorregional do Transtorno do Espectro Autista: Um olhar para a educa\u00e7\u00e3o, \u00e9 s\u00f3 acessar os links no canal da MacroTEA, na plataforma Youtube.<\/p>\n\n\n\n<ul><li>Link Manh\u00e3: <a href=\"https:\/\/www.youtube.com\/watch?v=TLRl6LybiOg\">https:\/\/www.youtube.com\/watch?v=TLRl6LybiOg<\/a><\/li><li>Link Tarde: <a href=\"https:\/\/www.youtube.com\/watch?v=PWzYJX0Wi_Y\">https:\/\/www.youtube.com\/watch?v=PWzYJX0Wi_Y<\/a><\/li><\/ul>\n","protected":false},"excerpt":{"rendered":"<p>A Funda\u00e7\u00e3o Municipal de Sa\u00fade em parceria com o CMR TEAcolhe Santa Rosa, realizou na&#8230;<\/p>\n","protected":false},"author":36,"featured_media":20256,"comment_status":"closed","ping_status":"closed","sticky":false,"template":"","format":"standard","meta":{"footnotes":""},"categories":[2],"tags":[],"_links":{"self":[{"href":"https:\/\/www.fumssar.com.br\/index.php?rest_route=\/wp\/v2\/posts\/20255"}],"collection":[{"href":"https:\/\/www.fumssar.com.br\/index.php?rest_route=\/wp\/v2\/posts"}],"about":[{"href":"https:\/\/www.fumssar.com.br\/index.php?rest_route=\/wp\/v2\/types\/post"}],"author":[{"embeddable":true,"href":"https:\/\/www.fumssar.com.br\/index.php?rest_route=\/wp\/v2\/users\/36"}],"replies":[{"embeddable":true,"href":"https:\/\/www.fumssar.com.br\/index.php?rest_route=%2Fwp%2Fv2%2Fcomments&post=20255"}],"version-history":[{"count":2,"href":"https:\/\/www.fumssar.com.br\/index.php?rest_route=\/wp\/v2\/posts\/20255\/revisions"}],"predecessor-version":[{"id":20258,"href":"https:\/\/www.fumssar.com.br\/index.php?rest_route=\/wp\/v2\/posts\/20255\/revisions\/20258"}],"wp:featuredmedia":[{"embeddable":true,"href":"https:\/\/www.fumssar.com.br\/index.php?rest_route=\/wp\/v2\/media\/20256"}],"wp:attachment":[{"href":"https:\/\/www.fumssar.com.br\/index.php?rest_route=%2Fwp%2Fv2%2Fmedia&parent=20255"}],"wp:term":[{"taxonomy":"category","embeddable":true,"href":"https:\/\/www.fumssar.com.br\/index.php?rest_route=%2Fwp%2Fv2%2Fcategories&post=20255"},{"taxonomy":"post_tag","embeddable":true,"href":"https:\/\/www.fumssar.com.br\/index.php?rest_route=%2Fwp%2Fv2%2Ftags&post=20255"}],"curies":[{"name":"wp","href":"https:\/\/api.w.org\/{rel}","templated":true}]}}