{"id":2025,"date":"2014-07-09T20:08:49","date_gmt":"2014-07-09T20:08:49","guid":{"rendered":"http:\/\/www.fumssar.com.br\/?p=2025"},"modified":"2024-10-07T16:36:18","modified_gmt":"2024-10-07T19:36:18","slug":"fumssar-testa-plano-piloto-de-administracao-sem-papel","status":"publish","type":"post","link":"https:\/\/www.fumssar.com.br\/?p=2025","title":{"rendered":"FUMSSAR testa Plano Piloto de Administra\u00e7\u00e3o sem Papel"},"content":{"rendered":"<p>A Funda\u00e7\u00e3o Municipal de Sa\u00fade est\u00e1 implantando em car\u00e1ter experimental um Projeto Piloto de Administra\u00e7\u00e3o p\u00fablica sem Papel. Inicialmente o processo vai ser testado na institucional na Diretoria da FUMSSAR bem como seus departamentos. O projeto prev\u00ea uma elimina\u00e7\u00e3o quase que na totalidade na utiliza\u00e7\u00e3o de pap\u00e9is na administra\u00e7\u00e3o p\u00fablica e conforme\u00a0 o presidente da empresa SAFEWEB de Porto Alegre o Sr. Luiz Carlos Zancanella\u00a0 que acredita ser in\u00e9dito no pa\u00eds. Luiz explica que a elimina\u00e7\u00e3o de pap\u00e9is no processo administrativo d\u00e1 mais agilidade, moderniza\u00e7\u00e3o e na gest\u00e3o com total seguran\u00e7a, validade jur\u00eddica com certifica\u00e7\u00e3o digital e atributos com a implanta\u00e7\u00e3o de assinatura digital com reconhecimento jur\u00eddico.<\/p>\n<p>O Diretor da Gest\u00e3o Administrativo da FUMSSAR, Aldair Melchior ressaltou que diariamente circulam na execu\u00e7\u00e3o da gest\u00e3o milhares de folhas de papel e com este novo projeto esta circula\u00e7\u00e3o ser\u00e1 eliminada dando mais agilidade nos trabalhos e tamb\u00e9m uma economia significativa tanto com pap\u00e9is, tintas e com a manuten\u00e7\u00e3o de equipamentos para impress\u00e3o. Para o presidente da FUMSSAR Dr. Lu\u00eds Ant\u00f4nio Benvegn\u00fa a elimina\u00e7\u00e3o de pap\u00e9is \u00e9 um sonho antigo bem como a utiliza\u00e7\u00e3o de\u00a0 assinatura digital. Benvegn\u00fa acredita que \u00e9 um grande salto que a Funda\u00e7\u00e3o est\u00e1 dando em mat\u00e9ria de qualidade, economia e maior agilidade. \u201c Estamos passando para uma nova gera\u00e7\u00e3o em mat\u00e9ria de administra\u00e7\u00e3o p\u00fablica\u201d ressaltou Benvegn\u00fa. Que lembrou que a\u00a0 proposta \u00e9 que em 60 dias seja testado o sistema e depois de avalia\u00e7\u00e3o seja implantado de forma definitiva.<\/p>\n<p>&nbsp;<\/p>\n","protected":false},"excerpt":{"rendered":"<p>A Funda\u00e7\u00e3o Municipal de Sa\u00fade est\u00e1 implantando em car\u00e1ter experimental um Projeto Piloto de Administra\u00e7\u00e3o&#8230;<\/p>\n","protected":false},"author":11,"featured_media":2027,"comment_status":"open","ping_status":"open","sticky":false,"template":"","format":"standard","meta":{"footnotes":""},"categories":[2,1],"tags":[],"_links":{"self":[{"href":"https:\/\/www.fumssar.com.br\/index.php?rest_route=\/wp\/v2\/posts\/2025"}],"collection":[{"href":"https:\/\/www.fumssar.com.br\/index.php?rest_route=\/wp\/v2\/posts"}],"about":[{"href":"https:\/\/www.fumssar.com.br\/index.php?rest_route=\/wp\/v2\/types\/post"}],"author":[{"embeddable":true,"href":"https:\/\/www.fumssar.com.br\/index.php?rest_route=\/wp\/v2\/users\/11"}],"replies":[{"embeddable":true,"href":"https:\/\/www.fumssar.com.br\/index.php?rest_route=%2Fwp%2Fv2%2Fcomments&post=2025"}],"version-history":[{"count":1,"href":"https:\/\/www.fumssar.com.br\/index.php?rest_route=\/wp\/v2\/posts\/2025\/revisions"}],"predecessor-version":[{"id":2026,"href":"https:\/\/www.fumssar.com.br\/index.php?rest_route=\/wp\/v2\/posts\/2025\/revisions\/2026"}],"wp:featuredmedia":[{"embeddable":true,"href":"https:\/\/www.fumssar.com.br\/index.php?rest_route=\/wp\/v2\/media\/2027"}],"wp:attachment":[{"href":"https:\/\/www.fumssar.com.br\/index.php?rest_route=%2Fwp%2Fv2%2Fmedia&parent=2025"}],"wp:term":[{"taxonomy":"category","embeddable":true,"href":"https:\/\/www.fumssar.com.br\/index.php?rest_route=%2Fwp%2Fv2%2Fcategories&post=2025"},{"taxonomy":"post_tag","embeddable":true,"href":"https:\/\/www.fumssar.com.br\/index.php?rest_route=%2Fwp%2Fv2%2Ftags&post=2025"}],"curies":[{"name":"wp","href":"https:\/\/api.w.org\/{rel}","templated":true}]}}