{"id":20225,"date":"2022-02-02T16:05:25","date_gmt":"2022-02-02T19:05:25","guid":{"rendered":"http:\/\/www.fumssar.com.br\/?p=20225"},"modified":"2024-10-07T16:33:39","modified_gmt":"2024-10-07T19:33:39","slug":"fumssar-vai-realizar-i-forum-macrorregional-do-transtorno-do-espectro-autista-um-olhar-para-a-educacao","status":"publish","type":"post","link":"https:\/\/www.fumssar.com.br\/?p=20225","title":{"rendered":"FUMSSAR vai realizar I F\u00f3rum Macrorregional do Transtorno do Espectro Autista: Um olhar para a educa\u00e7\u00e3o"},"content":{"rendered":"\n<figure class=\"wp-block-image\"><img loading=\"lazy\" decoding=\"async\" width=\"1024\" height=\"1024\" src=\"https:\/\/www.fumssar.com.br\/wp-content\/uploads\/2022\/02\/WhatsApp-Image-2022-02-02-at-15.56.11-1-1024x1024.jpeg\" alt=\"\" class=\"wp-image-20226\" srcset=\"https:\/\/www.fumssar.com.br\/wp-content\/uploads\/2022\/02\/WhatsApp-Image-2022-02-02-at-15.56.11-1-1024x1024.jpeg 1024w, https:\/\/www.fumssar.com.br\/wp-content\/uploads\/2022\/02\/WhatsApp-Image-2022-02-02-at-15.56.11-1-150x150.jpeg 150w, https:\/\/www.fumssar.com.br\/wp-content\/uploads\/2022\/02\/WhatsApp-Image-2022-02-02-at-15.56.11-1-300x300.jpeg 300w, https:\/\/www.fumssar.com.br\/wp-content\/uploads\/2022\/02\/WhatsApp-Image-2022-02-02-at-15.56.11-1-768x768.jpeg 768w, https:\/\/www.fumssar.com.br\/wp-content\/uploads\/2022\/02\/WhatsApp-Image-2022-02-02-at-15.56.11-1.jpeg 1080w\" sizes=\"(max-width: 1024px) 100vw, 1024px\" \/><\/figure>\n\n\n\n<p>A Funda\u00e7\u00e3o Municipal de Sa\u00fade de Santa Rosa, vai realizar na pr\u00f3xima sexta-feira(04), o I F\u00f3rum Macrorregional do Transtorno do Espectro Autista: Um olhar para a educa\u00e7\u00e3o. O evento vai acontecer de forma online, das 08h30 \u00e0s 17h e vai ser transmitido pelo canal da MacroTEA, na plataforma Youtube.<br><br>Santa Rosa foi contemplada no ano passado, com um Centro Macrorregional de Refer\u00eancia em Transtorno do Espectro do Autismo. Este \u00e9 o segundo evento realizado pela MacroTEA. Em setembro, aconteceu o 1\u00ba Semin\u00e1rio Estadual do Transtorno do Espectro Autista em Santa Rosa. O evento desta sexta, traz uma proposta voltada para a educa\u00e7\u00e3o e os profissionais desta \u00e1rea. Segundo o presidente da Funda\u00e7\u00e3o, D\u00e9lcio Stefan, &#8220;Esse \u00e9 um passo muito importante pois vamos avan\u00e7ar na qualifica\u00e7\u00e3o dos profissionais da educa\u00e7\u00e3o&#8221;.\u00a0<br><br>No turno da manh\u00e3, v\u00e3o ser abordados temas como: Aten\u00e7\u00e3o compartilhada e Identifica\u00e7\u00e3o de Sinais de Risco para o TEA pela Dra. Regina Basso Zanon &#8211; Docente na Universidade Federal da Grande Dourados (UFGD) e o desenvolvimento da Linguagem na pessoa com TEA pela equipe do CMR TEAcolhe de Santa Rosa. Na parte da tarde, a Dra. Ta\u00eds Guareschi de Souza e a Dra. M\u00e1rcia Alves, docentes da Universidade Federal de Santa Maria (UFSM) v\u00e3o falar sobre, &#8220;Alunos com autismo na escola: algumas tessituras sobre as pr\u00e1ticas pedag\u00f3gicas&#8221;. O Centro de Atendimento Educacional Especializado(CAEE) tamb\u00e9m vai trazer um relato de experi\u00eancia no atendimento de crian\u00e7as com TEA.<br><br>Para participar \u00e9 s\u00f3 acessar os links no canal da MacroTEA, na plataforma Youtube.<br><br>&#8211; Link Manh\u00e3: https:\/\/www.youtube.com\/watch?v=TLRl6LybiOg<br>&#8211; Link Tarde: https:\/\/www.youtube.com\/watch?v=PWzYJX0Wi_Y <\/p>\n","protected":false},"excerpt":{"rendered":"<p>A Funda\u00e7\u00e3o Municipal de Sa\u00fade de Santa Rosa, vai realizar na pr\u00f3xima sexta-feira(04), o I&#8230;<\/p>\n","protected":false},"author":36,"featured_media":20226,"comment_status":"closed","ping_status":"closed","sticky":false,"template":"","format":"standard","meta":{"footnotes":""},"categories":[2],"tags":[],"_links":{"self":[{"href":"https:\/\/www.fumssar.com.br\/index.php?rest_route=\/wp\/v2\/posts\/20225"}],"collection":[{"href":"https:\/\/www.fumssar.com.br\/index.php?rest_route=\/wp\/v2\/posts"}],"about":[{"href":"https:\/\/www.fumssar.com.br\/index.php?rest_route=\/wp\/v2\/types\/post"}],"author":[{"embeddable":true,"href":"https:\/\/www.fumssar.com.br\/index.php?rest_route=\/wp\/v2\/users\/36"}],"replies":[{"embeddable":true,"href":"https:\/\/www.fumssar.com.br\/index.php?rest_route=%2Fwp%2Fv2%2Fcomments&post=20225"}],"version-history":[{"count":1,"href":"https:\/\/www.fumssar.com.br\/index.php?rest_route=\/wp\/v2\/posts\/20225\/revisions"}],"predecessor-version":[{"id":20227,"href":"https:\/\/www.fumssar.com.br\/index.php?rest_route=\/wp\/v2\/posts\/20225\/revisions\/20227"}],"wp:featuredmedia":[{"embeddable":true,"href":"https:\/\/www.fumssar.com.br\/index.php?rest_route=\/wp\/v2\/media\/20226"}],"wp:attachment":[{"href":"https:\/\/www.fumssar.com.br\/index.php?rest_route=%2Fwp%2Fv2%2Fmedia&parent=20225"}],"wp:term":[{"taxonomy":"category","embeddable":true,"href":"https:\/\/www.fumssar.com.br\/index.php?rest_route=%2Fwp%2Fv2%2Fcategories&post=20225"},{"taxonomy":"post_tag","embeddable":true,"href":"https:\/\/www.fumssar.com.br\/index.php?rest_route=%2Fwp%2Fv2%2Ftags&post=20225"}],"curies":[{"name":"wp","href":"https:\/\/api.w.org\/{rel}","templated":true}]}}