{"id":20207,"date":"2022-02-01T15:12:02","date_gmt":"2022-02-01T18:12:02","guid":{"rendered":"http:\/\/www.fumssar.com.br\/?p=20207"},"modified":"2024-10-07T16:33:40","modified_gmt":"2024-10-07T19:33:40","slug":"edital-de-convocacao-03-2022","status":"publish","type":"post","link":"https:\/\/www.fumssar.com.br\/?p=20207","title":{"rendered":"Edital de Convoca\u00e7\u00e3o 03\/2022"},"content":{"rendered":"\n<div class=\"wp-block-file\"><a href=\"https:\/\/www.fumssar.com.br\/wp-content\/uploads\/2022\/02\/Edital-de-convoca\u00e7\u00e3o-03.2022-sele\u00e7\u00e3o.pdf\">Edital-de-convoca\u00e7\u00e3o-03.2022-sele\u00e7\u00e3o<\/a><a href=\"https:\/\/www.fumssar.com.br\/wp-content\/uploads\/2022\/02\/Edital-de-convoca\u00e7\u00e3o-03.2022-sele\u00e7\u00e3o.pdf\" class=\"wp-block-file__button\" download>Baixar<\/a><\/div>\n","protected":false},"excerpt":{"rendered":"<p>O Presidente da Funda\u00e7\u00e3o Municipal de Sa\u00fade de Santa Rosa, no uso de suas atribui\u00e7\u00f5es legais comunica que dever\u00e1 comparecer na Funda\u00e7\u00e3o Municipal da Sa\u00fade, sito \u00e0 Rua Dr. Francisco Timm, n\u00ba 480, para assumir vaga, por tempo determinado. Informa ainda que se o(os) candidato(s) n\u00e3o se apresentar(em) no prazo m\u00e1ximo de 03(tr\u00eas) dias, na Se\u00e7\u00e3o de Pessoal para retirar a lista de documentos necess\u00e1rios para a contrata\u00e7\u00e3o, ser\u00e1(\u00e3o) considerado(s) desistente(s) tacitamente.<br \/>\nSele\u00e7\u00e3o P\u00fablica Tempor\u00e1ria 04\/2021<br \/>\nAGENTE DE SERVI\u00c7OS GERAIS<br \/>\nAMANDA GIEHL FORTES ARGOLO (06\u00aa COLOCA\u00c7\u00c3O)<br \/>\nD\u00c9LCIO STEFAN<br \/>\nPresidente da FUMSSAR<\/p>\n","protected":false},"author":33,"featured_media":0,"comment_status":"open","ping_status":"open","sticky":false,"template":"","format":"standard","meta":{"footnotes":""},"categories":[2,201],"tags":[207,206,208,209,156,210],"_links":{"self":[{"href":"https:\/\/www.fumssar.com.br\/index.php?rest_route=\/wp\/v2\/posts\/20207"}],"collection":[{"href":"https:\/\/www.fumssar.com.br\/index.php?rest_route=\/wp\/v2\/posts"}],"about":[{"href":"https:\/\/www.fumssar.com.br\/index.php?rest_route=\/wp\/v2\/types\/post"}],"author":[{"embeddable":true,"href":"https:\/\/www.fumssar.com.br\/index.php?rest_route=\/wp\/v2\/users\/33"}],"replies":[{"embeddable":true,"href":"https:\/\/www.fumssar.com.br\/index.php?rest_route=%2Fwp%2Fv2%2Fcomments&post=20207"}],"version-history":[{"count":3,"href":"https:\/\/www.fumssar.com.br\/index.php?rest_route=\/wp\/v2\/posts\/20207\/revisions"}],"predecessor-version":[{"id":20211,"href":"https:\/\/www.fumssar.com.br\/index.php?rest_route=\/wp\/v2\/posts\/20207\/revisions\/20211"}],"wp:attachment":[{"href":"https:\/\/www.fumssar.com.br\/index.php?rest_route=%2Fwp%2Fv2%2Fmedia&parent=20207"}],"wp:term":[{"taxonomy":"category","embeddable":true,"href":"https:\/\/www.fumssar.com.br\/index.php?rest_route=%2Fwp%2Fv2%2Fcategories&post=20207"},{"taxonomy":"post_tag","embeddable":true,"href":"https:\/\/www.fumssar.com.br\/index.php?rest_route=%2Fwp%2Fv2%2Ftags&post=20207"}],"curies":[{"name":"wp","href":"https:\/\/api.w.org\/{rel}","templated":true}]}}