{"id":20185,"date":"2022-01-31T12:53:30","date_gmt":"2022-01-31T15:53:30","guid":{"rendered":"http:\/\/www.fumssar.com.br\/?p=20185"},"modified":"2024-10-07T16:33:40","modified_gmt":"2024-10-07T19:33:40","slug":"fumssar-amplia-vacinacao-de-criancas-contra-a-covid-19","status":"publish","type":"post","link":"https:\/\/www.fumssar.com.br\/?p=20185","title":{"rendered":"FUMSSAR amplia vacina\u00e7\u00e3o de crian\u00e7as contra a COVID-19"},"content":{"rendered":"\n<figure class=\"wp-block-image\"><img loading=\"lazy\" decoding=\"async\" width=\"1024\" height=\"1024\" src=\"http:\/\/www.fumssar.com.br\/wp-content\/uploads\/2022\/01\/Protect-Againts-Covid-Instagram-Post-1-1024x1024.png\" alt=\"\" class=\"wp-image-20186\" srcset=\"https:\/\/www.fumssar.com.br\/wp-content\/uploads\/2022\/01\/Protect-Againts-Covid-Instagram-Post-1-1024x1024.png 1024w, https:\/\/www.fumssar.com.br\/wp-content\/uploads\/2022\/01\/Protect-Againts-Covid-Instagram-Post-1-150x150.png 150w, https:\/\/www.fumssar.com.br\/wp-content\/uploads\/2022\/01\/Protect-Againts-Covid-Instagram-Post-1-300x300.png 300w, https:\/\/www.fumssar.com.br\/wp-content\/uploads\/2022\/01\/Protect-Againts-Covid-Instagram-Post-1-768x768.png 768w, https:\/\/www.fumssar.com.br\/wp-content\/uploads\/2022\/01\/Protect-Againts-Covid-Instagram-Post-1.png 1080w\" sizes=\"(max-width: 1024px) 100vw, 1024px\" \/><\/figure>\n\n\n\n<p>A Funda\u00e7\u00e3o Municipal de Sa\u00fade de Santa Rosa informa que a partir desta segunda-feira (31), vai ser ampliada a vacina\u00e7\u00e3o contra a COVID-19 para crian\u00e7as. V\u00e3o poder realizar a primeira dose, por faixa et\u00e1ria, crian\u00e7as de 05 a 11 anos. As doses v\u00e3o ser aplicadas em todas as Unidades B\u00e1sicas de Sa\u00fade, no turno da tarde, de segunda \u00e0 sexta-feira, das 13h30 \u00e0s 17h30. Para realizar a aplica\u00e7\u00e3o \u00e9 necess\u00e1rio agendar um hor\u00e1rio na UBS de origem. As crian\u00e7as que forem se vacinar precisam vir acompanhadas dos pais ou respons\u00e1veis e levar junto certid\u00e3o de nascimento, cart\u00e3o SUS e a caderneta de vacina\u00e7\u00e3o.<\/p>\n\n\n\n<p>A Central de Vacinas da FUMSSAR segue realizando a aplica\u00e7\u00e3o de todas as doses: dose um (D1), dose dois (D2) e a dose de refor\u00e7o (DR). O atendimento acontece das 07h30 \u00e0s 11h e das 13h30 \u00e0s 17h00. Nas quartas-feiras, o hor\u00e1rio \u00e9 estendido at\u00e9 \u00e0s 19h30. A Central de Vacinas fica localizada na Rua Dr. Francisco Timm, 480 &#8211; centro, no subsolo (entrada pela lateral). As primeiras doses (D1) s\u00e3o aplicadas por faixa et\u00e1ria, para pessoas a partir dos 12 anos. As segundas doses (D2) de Coronavac s\u00e3o realizadas ap\u00f3s 28 dias da primeira dose. Astrazeneca e Pfizer, ap\u00f3s oito semanas da primeira aplica\u00e7\u00e3o. As doses de refor\u00e7o (DR) est\u00e3o dispon\u00edveis para pessoas acima de 18 anos que realizaram a segunda dose h\u00e1 04 meses. No caso do imunizante da Janssen, a Dose de Refor\u00e7o \u00e9 realizada com um intervalo de 2 a 6 meses ap\u00f3s a primeira dose. Para realizar a vacina\u00e7\u00e3o na Central, n\u00e3o \u00e9 necess\u00e1rio agendamento. O atendimento acontece por ordem de chegada.&nbsp;<\/p>\n\n\n\n<p>Os moradores de Santa Rosa que forem se vacinar precisam levar documento com foto, CPF, cart\u00e3o SUS e a caderneta de vacina\u00e7\u00e3o. Os jovens, dos 12 aos 15 anos, precisam ir acompanhados dos pais ou respons\u00e1vel legal.<\/p>\n\n\n\n<p>TESTES COVID-19<\/p>\n\n\n\n<p>A testagem segue sendo realizada em todas as Unidades B\u00e1sicas de Sa\u00fade, ap\u00f3s passar pelo acolhimento ou na Sentinela do Centro que fica localizada na Rua Buenos Aires, 40 \u2013 centro. O teste deve ser realizado somente por pessoas que estejam com sintomas da doen\u00e7a. O indicado \u00e9 fazer a testagem a partir do 3\u00ba dia com sintomas. N\u00e3o \u00e9 necess\u00e1rio realizar o agendamento. O atendimento acontece por ordem de chegada. Devido a demanda, a quantidade di\u00e1ria de testes e de atendimento por turno, \u00e9 limitada. O hor\u00e1rio de funcionamento da Sentinela, \u00e9 das 7h30min \u00e0s 11h, das 13h30min \u00e0s 17h e das 18h30min \u00e0s 21h30min. As pessoas que forem realizar a testagem precisam levar documento com foto, CPF e o cart\u00e3o SUS.<\/p>\n","protected":false},"excerpt":{"rendered":"<p>A Funda\u00e7\u00e3o Municipal de Sa\u00fade de Santa Rosa informa que a partir desta segunda-feira (31),&#8230;<\/p>\n","protected":false},"author":36,"featured_media":20186,"comment_status":"closed","ping_status":"closed","sticky":false,"template":"","format":"standard","meta":{"footnotes":""},"categories":[152,2],"tags":[],"_links":{"self":[{"href":"https:\/\/www.fumssar.com.br\/index.php?rest_route=\/wp\/v2\/posts\/20185"}],"collection":[{"href":"https:\/\/www.fumssar.com.br\/index.php?rest_route=\/wp\/v2\/posts"}],"about":[{"href":"https:\/\/www.fumssar.com.br\/index.php?rest_route=\/wp\/v2\/types\/post"}],"author":[{"embeddable":true,"href":"https:\/\/www.fumssar.com.br\/index.php?rest_route=\/wp\/v2\/users\/36"}],"replies":[{"embeddable":true,"href":"https:\/\/www.fumssar.com.br\/index.php?rest_route=%2Fwp%2Fv2%2Fcomments&post=20185"}],"version-history":[{"count":1,"href":"https:\/\/www.fumssar.com.br\/index.php?rest_route=\/wp\/v2\/posts\/20185\/revisions"}],"predecessor-version":[{"id":20187,"href":"https:\/\/www.fumssar.com.br\/index.php?rest_route=\/wp\/v2\/posts\/20185\/revisions\/20187"}],"wp:featuredmedia":[{"embeddable":true,"href":"https:\/\/www.fumssar.com.br\/index.php?rest_route=\/wp\/v2\/media\/20186"}],"wp:attachment":[{"href":"https:\/\/www.fumssar.com.br\/index.php?rest_route=%2Fwp%2Fv2%2Fmedia&parent=20185"}],"wp:term":[{"taxonomy":"category","embeddable":true,"href":"https:\/\/www.fumssar.com.br\/index.php?rest_route=%2Fwp%2Fv2%2Fcategories&post=20185"},{"taxonomy":"post_tag","embeddable":true,"href":"https:\/\/www.fumssar.com.br\/index.php?rest_route=%2Fwp%2Fv2%2Ftags&post=20185"}],"curies":[{"name":"wp","href":"https:\/\/api.w.org\/{rel}","templated":true}]}}