{"id":20160,"date":"2022-01-28T16:35:07","date_gmt":"2022-01-28T19:35:07","guid":{"rendered":"http:\/\/www.fumssar.com.br\/?p=20160"},"modified":"2024-10-07T16:33:40","modified_gmt":"2024-10-07T19:33:40","slug":"santa-rosa-tem-mais-de-90-da-populacao-adulta-vacinada-contra-covid-19","status":"publish","type":"post","link":"https:\/\/www.fumssar.com.br\/?p=20160","title":{"rendered":"Santa Rosa tem mais de 90% da popula\u00e7\u00e3o adulta vacinada contra COVID-19"},"content":{"rendered":"\n<figure class=\"wp-block-image\"><img loading=\"lazy\" decoding=\"async\" width=\"1024\" height=\"768\" src=\"http:\/\/www.fumssar.com.br\/wp-content\/uploads\/2022\/01\/WhatsApp-Image-2022-01-17-at-13.42.34-1024x768.jpeg\" alt=\"\" class=\"wp-image-20161\" srcset=\"https:\/\/www.fumssar.com.br\/wp-content\/uploads\/2022\/01\/WhatsApp-Image-2022-01-17-at-13.42.34.jpeg 1024w, https:\/\/www.fumssar.com.br\/wp-content\/uploads\/2022\/01\/WhatsApp-Image-2022-01-17-at-13.42.34-300x225.jpeg 300w, https:\/\/www.fumssar.com.br\/wp-content\/uploads\/2022\/01\/WhatsApp-Image-2022-01-17-at-13.42.34-768x576.jpeg 768w\" sizes=\"(max-width: 1024px) 100vw, 1024px\" \/><\/figure>\n\n\n\n<p>A Funda\u00e7\u00e3o Municipal de Sa\u00fade de Santa Rosa informa que j\u00e1 aplicou 137.550 doses contra a COVID-19. Do total, 123.129 foram realizadas na popula\u00e7\u00e3o adulta do munic\u00edpio. Desse quantitativo, 50.407 \u00e9 de segunda dose (D2) e 2.085 de dose \u00fanica (DU), sendo assim, 52.492 adultos est\u00e3o com a imuniza\u00e7\u00e3o completa, 90,1% dos santa-rosenses. Os registros est\u00e3o de acordo com os dados fornecidos pela SES\/RS.<br><br>Santa Rosa chegou ao marco de 90% da popula\u00e7\u00e3o adulta com o esquema vacinal completo contra o Coronav\u00edrus. Para o presidente da Funda\u00e7\u00e3o D\u00e9lcio Stefan, \u201cTer 90% dos santa-rosenses com o esquema vacinal completo, \u00e9 motivo de muita alegria. A vacina\u00e7\u00e3o tem nos mostrado por meio dos dados e boletins, o quanto \u00e9 eficaz, com a incid\u00eancia de cada vez menos interna\u00e7\u00f5es e \u00f3bitos. Nosso agradecimento aos profissionais pela dedica\u00e7\u00e3o e empenho di\u00e1rio na imuniza\u00e7\u00e3o contra a COVID-19\u201d. A Central de Vacinas da FUMSSAR segue realizando a aplica\u00e7\u00e3o de todas as doses: dose um (D1), dose dois (D2) e a dose de refor\u00e7o (DR). O atendimento acontece de segunda a sexta-feira, das 07h30 \u00e0s 11h e das 13h30 \u00e0s 17h. N\u00e3o \u00e9 necess\u00e1rio realizar agendamento. A imuniza\u00e7\u00e3o acontece por ordem de chegada.<br><br> A Central de Vacinas fica localizada na Rua Dr. Francisco Timm, 480 &#8211; centro, no subsolo (entrada pela lateral). As primeiras doses (D1) s\u00e3o aplicadas por faixa et\u00e1ria, para pessoas a partir dos 12 anos. As segundas doses (D2) de Coronavac s\u00e3o realizadas ap\u00f3s 28 dias da primeira dose. Astrazeneca e Pfizer, ap\u00f3s oito semanas da primeira aplica\u00e7\u00e3o. As doses de refor\u00e7o (DR) est\u00e3o dispon\u00edveis para pessoas acima de 18 anos que realizaram a segunda dose h\u00e1 04 meses. No caso do imunizante da Janssen, a dose de refor\u00e7o \u00e9 realizada com um intervalo de 2 a 6 meses ap\u00f3s a primeira dose. A Diretora da Gest\u00e3o da Aten\u00e7\u00e3o Prim\u00e1ria em Sa\u00fade, Fabiana Breitenbach destaca a import\u00e2ncia da participa\u00e7\u00e3o da popula\u00e7\u00e3o, \u201cAlcan\u00e7amos uma marca simb\u00f3lica e conforme a tend\u00eancia acumulada nos \u00faltimos meses, podemos observar que os locais que conseguem ampliar a vacina\u00e7\u00e3o de sua popula\u00e7\u00e3o s\u00e3o aqueles que v\u00e3o estar melhor posicionados no enfrentamento da pandemia\u201d.<br><br>Tamb\u00e9m est\u00e3o sendo vacinadas com primeira dose, por faixa et\u00e1ria, crian\u00e7as de 10 a 11 anos. E crian\u00e7as com comorbidades, dos 05 aos 11 anos. As doses para crian\u00e7as s\u00e3o aplicadas em todas as Unidades B\u00e1sicas de Sa\u00fade, no turno da tarde, de segunda a sexta-feira, das 13h30 \u00e0s 17h30. Para realizar a aplica\u00e7\u00e3o \u00e9 necess\u00e1rio agendar um hor\u00e1rio na UBS de origem. O atendimento acontece mediante o agendamento pr\u00e9vio por telefone ou presencial. As crian\u00e7as que forem se vacinar precisam levar junto certid\u00e3o de nascimento, cart\u00e3o SUS e a caderneta de vacina\u00e7\u00e3o.<br><br> Os moradores de Santa Rosa que forem se vacinar na Central de Vacinas, precisam levar documento com foto, CPF, cart\u00e3o SUS e a caderneta de vacina\u00e7\u00e3o. Os jovens, dos 05 aos 12 anos, precisam ir acompanhados dos pais ou respons\u00e1vel legal. A lista com as comorbidades elencadas pelo Minist\u00e9rio da Sa\u00fade pode ser acessada no site da FUMSSAR ou nas p\u00e1ginas da Prefeitura de Santa Rosa.<\/p>\n","protected":false},"excerpt":{"rendered":"<p>A Funda\u00e7\u00e3o Municipal de Sa\u00fade de Santa Rosa informa que j\u00e1 aplicou 137.550 doses contra&#8230;<\/p>\n","protected":false},"author":36,"featured_media":20161,"comment_status":"closed","ping_status":"closed","sticky":false,"template":"","format":"standard","meta":{"footnotes":""},"categories":[152,2],"tags":[],"_links":{"self":[{"href":"https:\/\/www.fumssar.com.br\/index.php?rest_route=\/wp\/v2\/posts\/20160"}],"collection":[{"href":"https:\/\/www.fumssar.com.br\/index.php?rest_route=\/wp\/v2\/posts"}],"about":[{"href":"https:\/\/www.fumssar.com.br\/index.php?rest_route=\/wp\/v2\/types\/post"}],"author":[{"embeddable":true,"href":"https:\/\/www.fumssar.com.br\/index.php?rest_route=\/wp\/v2\/users\/36"}],"replies":[{"embeddable":true,"href":"https:\/\/www.fumssar.com.br\/index.php?rest_route=%2Fwp%2Fv2%2Fcomments&post=20160"}],"version-history":[{"count":1,"href":"https:\/\/www.fumssar.com.br\/index.php?rest_route=\/wp\/v2\/posts\/20160\/revisions"}],"predecessor-version":[{"id":20162,"href":"https:\/\/www.fumssar.com.br\/index.php?rest_route=\/wp\/v2\/posts\/20160\/revisions\/20162"}],"wp:featuredmedia":[{"embeddable":true,"href":"https:\/\/www.fumssar.com.br\/index.php?rest_route=\/wp\/v2\/media\/20161"}],"wp:attachment":[{"href":"https:\/\/www.fumssar.com.br\/index.php?rest_route=%2Fwp%2Fv2%2Fmedia&parent=20160"}],"wp:term":[{"taxonomy":"category","embeddable":true,"href":"https:\/\/www.fumssar.com.br\/index.php?rest_route=%2Fwp%2Fv2%2Fcategories&post=20160"},{"taxonomy":"post_tag","embeddable":true,"href":"https:\/\/www.fumssar.com.br\/index.php?rest_route=%2Fwp%2Fv2%2Ftags&post=20160"}],"curies":[{"name":"wp","href":"https:\/\/api.w.org\/{rel}","templated":true}]}}