{"id":20157,"date":"2022-01-28T16:13:49","date_gmt":"2022-01-28T19:13:49","guid":{"rendered":"http:\/\/www.fumssar.com.br\/?p=20157"},"modified":"2024-10-07T16:33:40","modified_gmt":"2024-10-07T19:33:40","slug":"prefeitura-desenvolve-planejamento-estrategico-na-saude","status":"publish","type":"post","link":"https:\/\/www.fumssar.com.br\/?p=20157","title":{"rendered":"Prefeitura desenvolve Planejamento Estrat\u00e9gico na sa\u00fade"},"content":{"rendered":"\n<figure class=\"wp-block-image\"><img loading=\"lazy\" decoding=\"async\" width=\"1024\" height=\"768\" src=\"http:\/\/www.fumssar.com.br\/wp-content\/uploads\/2022\/01\/WhatsApp-Image-2022-01-28-at-16.05.47-1024x768.jpeg\" alt=\"\" class=\"wp-image-20158\" srcset=\"https:\/\/www.fumssar.com.br\/wp-content\/uploads\/2022\/01\/WhatsApp-Image-2022-01-28-at-16.05.47-1024x768.jpeg 1024w, https:\/\/www.fumssar.com.br\/wp-content\/uploads\/2022\/01\/WhatsApp-Image-2022-01-28-at-16.05.47-300x225.jpeg 300w, https:\/\/www.fumssar.com.br\/wp-content\/uploads\/2022\/01\/WhatsApp-Image-2022-01-28-at-16.05.47-768x576.jpeg 768w, https:\/\/www.fumssar.com.br\/wp-content\/uploads\/2022\/01\/WhatsApp-Image-2022-01-28-at-16.05.47.jpeg 1280w\" sizes=\"(max-width: 1024px) 100vw, 1024px\" \/><\/figure>\n\n\n\n<p>H\u00e1 mais de um ano a Prefeitura, atrav\u00e9s do Gabinete do vice-prefeito e da Secretaria de Gest\u00e3o vem implementando o Planejamento Estrat\u00e9gico. As a\u00e7\u00f5es envolvem todas as \u00e1reas do munic\u00edpio e visam a transpar\u00eancia, efici\u00eancia e moderniza\u00e7\u00e3o dos atendimentos. Todos os princ\u00edpios do planejamento governamental t\u00eam como base os resultados das pactua\u00e7\u00f5es entre os gestores, comiss\u00f5es intergestores regionais e a participa\u00e7\u00e3o popular. <br><br> Em 2021, por ser o primeiro ano da gest\u00e3o, o trabalho foi bastante intenso, pois a maioria dos planejamentos s\u00e3o realizados visando os 04 anos de governo. Para Ademir Rosa, Secret\u00e1rio de Gest\u00e3o, a sinergia entre a Secretaria e a FUMSSAR, faz com que os trabalhos de planejamento sejam tranquilos, aliados com todos da Gest\u00e3o e tamb\u00e9m ao Conselho Municipal de Sa\u00fade, \u201cTemos um \u00f3timo relacionamento com os conselheiros de sa\u00fade. Assim, juntos, constru\u00edmos planos que podem ser colocados em pr\u00e1tica, sempre buscando o melhor servi\u00e7o aos nossos usu\u00e1rios\u201d.<br><br>Diante das legisla\u00e7\u00f5es, foi elaborado e aprovado o Plano Municipal de Sa\u00fade\/PMS, um instrumento que \u00e9 norteado pelo plano de governo, pelo PPA e confer\u00eancias, que s\u00e3o bases para a LDO e a LOA. No m\u00eas de dezembro, foi aprovado por unanimidade, a Programa\u00e7\u00e3o Anual de Sa\u00fade \u2013 PAS, a qual apresenta as diretrizes, objetivos, metas, a\u00e7\u00f5es e previs\u00f5es de valores para o ano seguinte.<\/p>\n\n\n\n<p>Para Elisete Tiede, Gerente de Planejamento, \u201cFoi um ano de bastante trabalho, reuni\u00f5es de alinhamento e envolvimento em diversas \u00e1reas. Al\u00e9m das atividades de planejamento, foram realizadas integra\u00e7\u00f5es de processos, projetos, habilita\u00e7\u00f5es de novos servi\u00e7os e capta\u00e7\u00e3o de recursos\u201d. As presta\u00e7\u00f5es de contas ocorrem atrav\u00e9s dos relat\u00f3rios de gest\u00e3o de sa\u00fade \u2013 RDQA, que s\u00e3o quadrimestrais e tamb\u00e9m o relat\u00f3rio anual de gest\u00e3o \u2013 RAG. O representante do Governo elabora o relat\u00f3rio detalhado referente ao quadrimestre anterior.<\/p>\n","protected":false},"excerpt":{"rendered":"<p>H\u00e1 mais de um ano a Prefeitura, atrav\u00e9s do Gabinete do vice-prefeito e da Secretaria&#8230;<\/p>\n","protected":false},"author":36,"featured_media":20158,"comment_status":"closed","ping_status":"closed","sticky":false,"template":"","format":"standard","meta":{"footnotes":""},"categories":[2],"tags":[],"_links":{"self":[{"href":"https:\/\/www.fumssar.com.br\/index.php?rest_route=\/wp\/v2\/posts\/20157"}],"collection":[{"href":"https:\/\/www.fumssar.com.br\/index.php?rest_route=\/wp\/v2\/posts"}],"about":[{"href":"https:\/\/www.fumssar.com.br\/index.php?rest_route=\/wp\/v2\/types\/post"}],"author":[{"embeddable":true,"href":"https:\/\/www.fumssar.com.br\/index.php?rest_route=\/wp\/v2\/users\/36"}],"replies":[{"embeddable":true,"href":"https:\/\/www.fumssar.com.br\/index.php?rest_route=%2Fwp%2Fv2%2Fcomments&post=20157"}],"version-history":[{"count":1,"href":"https:\/\/www.fumssar.com.br\/index.php?rest_route=\/wp\/v2\/posts\/20157\/revisions"}],"predecessor-version":[{"id":20159,"href":"https:\/\/www.fumssar.com.br\/index.php?rest_route=\/wp\/v2\/posts\/20157\/revisions\/20159"}],"wp:featuredmedia":[{"embeddable":true,"href":"https:\/\/www.fumssar.com.br\/index.php?rest_route=\/wp\/v2\/media\/20158"}],"wp:attachment":[{"href":"https:\/\/www.fumssar.com.br\/index.php?rest_route=%2Fwp%2Fv2%2Fmedia&parent=20157"}],"wp:term":[{"taxonomy":"category","embeddable":true,"href":"https:\/\/www.fumssar.com.br\/index.php?rest_route=%2Fwp%2Fv2%2Fcategories&post=20157"},{"taxonomy":"post_tag","embeddable":true,"href":"https:\/\/www.fumssar.com.br\/index.php?rest_route=%2Fwp%2Fv2%2Ftags&post=20157"}],"curies":[{"name":"wp","href":"https:\/\/api.w.org\/{rel}","templated":true}]}}