{"id":20121,"date":"2022-01-26T08:53:29","date_gmt":"2022-01-26T11:53:29","guid":{"rendered":"http:\/\/www.fumssar.com.br\/?p=20121"},"modified":"2024-10-07T16:33:40","modified_gmt":"2024-10-07T19:33:40","slug":"vacinacao-com-horario-estendido-ate-sexta-feira","status":"publish","type":"post","link":"https:\/\/www.fumssar.com.br\/?p=20121","title":{"rendered":"Vacina\u00e7\u00e3o com hor\u00e1rio estendido at\u00e9 sexta-feira"},"content":{"rendered":"\n<figure class=\"wp-block-image\"><img loading=\"lazy\" decoding=\"async\" width=\"1024\" height=\"1024\" src=\"https:\/\/www.fumssar.com.br\/wp-content\/uploads\/2022\/01\/Azul-e-Verde-Corporativo-Limpo-Informa\u00e7\u00f5es-Sobre-Vacina-Cartaz-de-Sa\u00fade-Geral-Post-para-Instagram-1024x1024.png\" alt=\"\" class=\"wp-image-20122\" srcset=\"https:\/\/www.fumssar.com.br\/wp-content\/uploads\/2022\/01\/Azul-e-Verde-Corporativo-Limpo-Informa\u00e7\u00f5es-Sobre-Vacina-Cartaz-de-Sa\u00fade-Geral-Post-para-Instagram-1024x1024.png 1024w, https:\/\/www.fumssar.com.br\/wp-content\/uploads\/2022\/01\/Azul-e-Verde-Corporativo-Limpo-Informa\u00e7\u00f5es-Sobre-Vacina-Cartaz-de-Sa\u00fade-Geral-Post-para-Instagram-150x150.png 150w, https:\/\/www.fumssar.com.br\/wp-content\/uploads\/2022\/01\/Azul-e-Verde-Corporativo-Limpo-Informa\u00e7\u00f5es-Sobre-Vacina-Cartaz-de-Sa\u00fade-Geral-Post-para-Instagram-300x300.png 300w, https:\/\/www.fumssar.com.br\/wp-content\/uploads\/2022\/01\/Azul-e-Verde-Corporativo-Limpo-Informa\u00e7\u00f5es-Sobre-Vacina-Cartaz-de-Sa\u00fade-Geral-Post-para-Instagram-768x768.png 768w, https:\/\/www.fumssar.com.br\/wp-content\/uploads\/2022\/01\/Azul-e-Verde-Corporativo-Limpo-Informa\u00e7\u00f5es-Sobre-Vacina-Cartaz-de-Sa\u00fade-Geral-Post-para-Instagram.png 1080w\" sizes=\"(max-width: 1024px) 100vw, 1024px\" \/><\/figure>\n\n\n\n<p>At\u00e9 sexta-feira (28), a Central de Vacinas da FUMSSAR vai estar atendendo com hor\u00e1rio estendido. Todos os dias, todas as doses, at\u00e9 \u00e0s 19h30. Aproveite a oportunidade, vacine-se!<\/p>\n","protected":false},"excerpt":{"rendered":"<p>At\u00e9 sexta-feira (28), a Central de Vacinas da FUMSSAR vai estar atendendo com hor\u00e1rio estendido&#8230;.<\/p>\n","protected":false},"author":36,"featured_media":20122,"comment_status":"closed","ping_status":"closed","sticky":false,"template":"","format":"standard","meta":{"footnotes":""},"categories":[152,2],"tags":[],"_links":{"self":[{"href":"https:\/\/www.fumssar.com.br\/index.php?rest_route=\/wp\/v2\/posts\/20121"}],"collection":[{"href":"https:\/\/www.fumssar.com.br\/index.php?rest_route=\/wp\/v2\/posts"}],"about":[{"href":"https:\/\/www.fumssar.com.br\/index.php?rest_route=\/wp\/v2\/types\/post"}],"author":[{"embeddable":true,"href":"https:\/\/www.fumssar.com.br\/index.php?rest_route=\/wp\/v2\/users\/36"}],"replies":[{"embeddable":true,"href":"https:\/\/www.fumssar.com.br\/index.php?rest_route=%2Fwp%2Fv2%2Fcomments&post=20121"}],"version-history":[{"count":1,"href":"https:\/\/www.fumssar.com.br\/index.php?rest_route=\/wp\/v2\/posts\/20121\/revisions"}],"predecessor-version":[{"id":20123,"href":"https:\/\/www.fumssar.com.br\/index.php?rest_route=\/wp\/v2\/posts\/20121\/revisions\/20123"}],"wp:featuredmedia":[{"embeddable":true,"href":"https:\/\/www.fumssar.com.br\/index.php?rest_route=\/wp\/v2\/media\/20122"}],"wp:attachment":[{"href":"https:\/\/www.fumssar.com.br\/index.php?rest_route=%2Fwp%2Fv2%2Fmedia&parent=20121"}],"wp:term":[{"taxonomy":"category","embeddable":true,"href":"https:\/\/www.fumssar.com.br\/index.php?rest_route=%2Fwp%2Fv2%2Fcategories&post=20121"},{"taxonomy":"post_tag","embeddable":true,"href":"https:\/\/www.fumssar.com.br\/index.php?rest_route=%2Fwp%2Fv2%2Ftags&post=20121"}],"curies":[{"name":"wp","href":"https:\/\/api.w.org\/{rel}","templated":true}]}}